{"id":956,"date":"2014-05-17T12:00:00","date_gmt":"2014-05-17T10:00:00","guid":{"rendered":"http:\/\/www.klvcelle.de\/?p=956"},"modified":"2014-06-03T09:44:41","modified_gmt":"2014-06-03T07:44:41","slug":"kreismeisterschaften-mittelstrecke-in-unterl","status":"publish","type":"post","link":"https:\/\/www.klvcelle.de\/?p=956","title":{"rendered":"Kreismeisterschaften Mittelstrecke in Unterl&uuml;&szlig;"},"content":{"rendered":"<p><b>Kilian Gr\u00fcnhagen mit Topzeit \u00fcber 800m<\/b>  <\/p>\n<p><b>Celler Leichtathleten stellen \u00fcber die Mittelstrecken ihre gute Form unter Beweis.<\/b>  <\/p>\n<p>Am vergangenen Sonntag veranstaltete die Leichtathletikgemeinschaft Unterl\u00fc\u00dfFa\u00dfbergOldendorf (LG UFO) unter optimalen \u00e4u\u00dferen Bedingungen das mittlerweile fest im Sportkalender verankerte diesj\u00e4hrige landesoffene Laufmeeting. Zu dem Sportevent kamen wieder namhafte L\u00e4uferinnen und L\u00e4ufer aller Altersklassen auch \u00fcber die Kreis- und Bezirksgrenze hinaus. So konnten auch Athleten aus Bremen, Hannover und Braunschweig begr\u00fc\u00dft werden. Neben den angestammten Strecken \u00fcber 800m und 3000m wurde erstmals ein Sprintcup ausgetragen mit einem Dreikampf \u00fcber 80\/150\/300m. Leider kam dieser Wettkampf nicht wie geplant zur Geltung, weil die urspr\u00fcngliche Teilnahme von mehreren Spitzenathleten aus Hannover aus terminlichen Gr\u00fcnden kurzfristig abgesagt wurde. So wurde dieser Sprintcup zu einem UFO-internen Wettbewerb zwischen Jannik Rehbein, Martin Schmalz, Lenn Jelte M\u00fcgge und Alexander Juretzko. Den gl\u00e4sernen Sprintpokal sicherte sich dann Jannik Rehbein, der schnellste aus diesem Quartett.  <\/p>\n<p>Das Hauptaugenmerk lag wie im letzten Jahr auf der 800m-Distanz, da auf dieser Strecke die Ergebnisse f\u00fcr die L\u00e4uferinnen und L\u00e4ufer aus dem Bereich des KLV Celle gleichzeitig als Kreismeisterschaft gewertet wurden. Hier war aber zu bem\u00e4ngeln, dass der Veranstalter die Felder nicht in den Altersklassen starten lie\u00df, sondern sich bem\u00fchte, nach der Leistungsf\u00e4higkeit der Athleten zu starten, was aber nicht immer gelang und zum Teil zu Wettbewerbsverzerrungen f\u00fchrte.  <\/p>\n<p>Kilian Gr\u00fcnhagen (LG UFO) \u00fcberraschte mit dem Gesamtsieg bei den M\u00e4nnern in 1:54,38min vor seinem eigentlich favorisierten Teamkollegen Laurin Forstreuter.<a href=\"https:\/\/www.klvcelle.de\/wp-content\/uploads\/2014\/06\/Duell-Forstreuter-vorn-Grnhagen-hinten-beschnitten.jpg\"><img loading=\"lazy\" decoding=\"async\" title=\"Duell Forstreuter (vorn) - Gr&uuml;nhagen (hinten) beschnitten\" style=\"border-left-width: 0px; border-right-width: 0px; background-image: none; border-bottom-width: 0px; float: left; padding-top: 0px; padding-left: 0px; display: inline; padding-right: 0px; border-top-width: 0px\" border=\"0\" alt=\"Duell Forstreuter (vorn) - Gr&uuml;nhagen (hinten) beschnitten\" src=\"https:\/\/www.klvcelle.de\/wp-content\/uploads\/2014\/06\/Duell-Forstreuter-vorn-Grnhagen-hinten-beschnitten_thumb.jpg\" width=\"202\" align=\"left\" height=\"244\"\/><\/a> <\/p>\n<p>Bei den Frauen belegte in der Gesamtwertung Henrike Ahrens (LG UFO) knapp hinter der Siegerin Carolyn Schaltegger von der LG L\u00fcneburg Stadt und Land den 2. Platz in 2:24,90min vor ihrer erst 15-j\u00e4hrigen Teamkollegin Finja Lange in 2:25,42min. <a href=\"https:\/\/www.klvcelle.de\/wp-content\/uploads\/2014\/06\/Finja-Meyer.jpg\"><img loading=\"lazy\" decoding=\"async\" title=\"Finja Meyer\" style=\"border-left-width: 0px; border-right-width: 0px; background-image: none; border-bottom-width: 0px; float: right; padding-top: 0px; padding-left: 0px; display: inline; padding-right: 0px; border-top-width: 0px\" border=\"0\" alt=\"Finja Meyer\" src=\"https:\/\/www.klvcelle.de\/wp-content\/uploads\/2014\/06\/Finja-Meyer_thumb.jpg\" width=\"184\" align=\"right\" height=\"244\"\/><\/a>Beide wurden damit in ihrer Altersklasse zugleich Kreismeisterinnen.<\/p>\n<p>Mit Spannung blickte man dem Lauf der M\u00e4dchen W 11 entgegen. Wie erwartet, siegte Marie Dehning mit gro\u00dfem Vorsprung in der Topzeit von 2:34,29min. Nicht so leicht hatte es dagegen ihre Vereinskameradin Veronique Quednau: an Marie Dehning dranbleiben und dabei die ebenb\u00fcrtige Lena Pfeiffer (LG-UFO) im Nacken. Auf den letzten 100 Metern wurde das Duell um Platz zwei entschieden. Beide M\u00e4dchen sprinteten mit aller Hingabe dem Ziel entgegen und es war f\u00fcr das Auge nicht eindeutig auszumachen, wer die Nase vorn hatte. Schlie\u00dflich war Veronique mit Bestzeit von 2:41,94min die Gl\u00fccklichere. Am Ende trennte die beiden 1\/100 Sekunde. <a href=\"https:\/\/www.klvcelle.de\/wp-content\/uploads\/2014\/06\/Zieleinlauf-800m-W-11-Dehning-Quednau-Lange.jpg\"><img loading=\"lazy\" decoding=\"async\" title=\"Zieleinlauf 800m W 11 Dehning-Quednau-Lange\" style=\"border-left-width: 0px; border-right-width: 0px; background-image: none; border-bottom-width: 0px; float: left; padding-top: 0px; padding-left: 0px; display: inline; padding-right: 0px; border-top-width: 0px\" border=\"0\" alt=\"Zieleinlauf 800m W 11 Dehning-Quednau-Lange\" src=\"https:\/\/www.klvcelle.de\/wp-content\/uploads\/2014\/06\/Zieleinlauf-800m-W-11-Dehning-Quednau-Lange_thumb.jpg\" width=\"244\" align=\"left\" height=\"174\"\/><\/a><\/p>\n<p>Die Lachendorfer Leichtathleten starteten mit zwei Teilnehmern und gewannen zwei Kreismeistertitel, eine optimale Ausbeute. Die junge Mehrk\u00e4mpferin Finja Meyer (U14\/W12) gewann den Kreismeistertitel \u00fcber 800 m in der f\u00fcr sie guten Zeit von 2:48,75min knapp vor Nala Olshausen vom LAZ Celle. Christoph Meldau, eigentlich ein Sprinttalent, versuchte sich erstmal bei Kreismeisterschaften \u00fcber die Mittelstrecke und wurde auf Anhieb mit der sehr guten Zeit von 2:33,96min Kreismeister \u00fcber die 800m-Strecke.<a href=\"https:\/\/www.klvcelle.de\/wp-content\/uploads\/2014\/06\/Chr.-Meldau.jpg\"><img loading=\"lazy\" decoding=\"async\" title=\"Chr. Meldau\" style=\"border-left-width: 0px; border-right-width: 0px; background-image: none; border-bottom-width: 0px; float: right; padding-top: 0px; padding-left: 0px; display: inline; padding-right: 0px; border-top-width: 0px\" border=\"0\" alt=\"Chr. Meldau\" src=\"https:\/\/www.klvcelle.de\/wp-content\/uploads\/2014\/06\/Chr.-Meldau_thumb.jpg\" width=\"184\" align=\"right\" height=\"244\"\/><\/a><\/p>\n<p>&nbsp; <\/p>\n<p>Im abschlie\u00dfenden Wettbewerb \u00fcber 3000m ging in der Gesamtwertung der Sieg an Sven Schenk von der LG HanstedtII\/Wellend.\/Wriedel in 9:44,79 min. Hier belegte Jan Kempfert vom LAZ Celle, der am Vorabend bei einem Abendlauf \u00fcber 10 Kilometer im Meinersen in einer hervorragenden Zeit noch seine Altersklasse gewann Platz 4 in 10:05,19min und wurde damit gleichzeitig Sieger in der Klasse MJ U20.  <\/p>\n<p>Insgesamt fanden 98 aktive Teilnehmer den Weg in die S\u00fcdheide, davon allein 72 Kinder und Jugendliche. Dies zeigt, dass die Nachwuchsarbeit lebt und deshalb derartige Veranstaltungen wichtig sind.<\/p>\n","protected":false},"excerpt":{"rendered":"<p>Kilian Gr\u00fcnhagen mit Topzeit \u00fcber 800m Celler Leichtathleten stellen \u00fcber die Mittelstrecken ihre gute Form unter Beweis. Am vergangenen Sonntag veranstaltete die Leichtathletikgemeinschaft Unterl\u00fc\u00dfFa\u00dfbergOldendorf (LG UFO) unter optimalen \u00e4u\u00dferen Bedingungen das mittlerweile fest im Sportkalender verankerte diesj\u00e4hrige landesoffene Laufmeeting. Zu &hellip; <a href=\"https:\/\/www.klvcelle.de\/?p=956\">Continue reading <span class=\"meta-nav\">&rarr;<\/span><\/a><\/p>\n","protected":false},"author":1,"featured_media":0,"comment_status":"closed","ping_status":"closed","sticky":false,"template":"","format":"standard","meta":{"ngg_post_thumbnail":0,"footnotes":""},"categories":[7],"tags":[],"class_list":["post-956","post","type-post","status-publish","format-standard","hentry","category-kreismeisterschaften"],"_links":{"self":[{"href":"https:\/\/www.klvcelle.de\/index.php?rest_route=\/wp\/v2\/posts\/956","targetHints":{"allow":["GET"]}}],"collection":[{"href":"https:\/\/www.klvcelle.de\/index.php?rest_route=\/wp\/v2\/posts"}],"about":[{"href":"https:\/\/www.klvcelle.de\/index.php?rest_route=\/wp\/v2\/types\/post"}],"author":[{"embeddable":true,"href":"https:\/\/www.klvcelle.de\/index.php?rest_route=\/wp\/v2\/users\/1"}],"replies":[{"embeddable":true,"href":"https:\/\/www.klvcelle.de\/index.php?rest_route=%2Fwp%2Fv2%2Fcomments&post=956"}],"version-history":[{"count":0,"href":"https:\/\/www.klvcelle.de\/index.php?rest_route=\/wp\/v2\/posts\/956\/revisions"}],"wp:attachment":[{"href":"https:\/\/www.klvcelle.de\/index.php?rest_route=%2Fwp%2Fv2%2Fmedia&parent=956"}],"wp:term":[{"taxonomy":"category","embeddable":true,"href":"https:\/\/www.klvcelle.de\/index.php?rest_route=%2Fwp%2Fv2%2Fcategories&post=956"},{"taxonomy":"post_tag","embeddable":true,"href":"https:\/\/www.klvcelle.de\/index.php?rest_route=%2Fwp%2Fv2%2Ftags&post=956"}],"curies":[{"name":"wp","href":"https:\/\/api.w.org\/{rel}","templated":true}]}}