{"id":643,"date":"2013-08-17T15:54:00","date_gmt":"2013-08-17T13:54:00","guid":{"rendered":"http:\/\/cms.klvcelle.de\/?p=643"},"modified":"2013-12-07T14:54:36","modified_gmt":"2013-12-07T13:54:36","slug":"kreismeisterschaften-mehrkampf-u10-u16-in-lachendorf","status":"publish","type":"post","link":"https:\/\/www.klvcelle.de\/?p=643","title":{"rendered":"Kreismeisterschaften Mehrkampf U10-U16 in Lachendorf"},"content":{"rendered":"<p><b>Leichtathleten des KLV Celle ermitteln ihre Mehrkampfmeister<\/b> <\/p>\n<p>Bei einigerma\u00dfen guten Wetterverh\u00e4ltnissen k\u00e4mpften die Leichtathletinnen und Leichtathleten der Vereine LAZ Celle, LG Celle-Land, LG UFO, SV Nienhagen und des TuS Lachendorf, der auch als Veranstalter verantwortlich war, am vergangenen Wochenende um die Kreismeisterschaften im Mehrkampf. 89 Leichtathletinnen und Leichtathleten der Wettkampfklassen U 10 \u2013 U 16 (Sch\u00fclerinnen und Sch\u00fcler W\/M 8 \u2013 15 Jahre) lieferten sich im Lachte-Stadion in Lachendorf spannende Wettk\u00e4mpfe im Drei- und Vierkampf, und die Ergebnisse zeigen, dass der KLV Celle \u00fcber ein starkes Nach-wuchspotential verf\u00fcgt. <\/p>\n<p>In ihrem Heimatstadion konnten die Lachendorfer Leichtathleten acht Kreismeistertitel gewinnen. Besonders zu erw\u00e4hnen ist der Erfolg der Mehrkampfmannschaft U 12 mit Finja Meyer, Rebecca Lloyd, Marika Meldau, Lotte Haubert und Pauline Hoppensted. Sie errangen 5.777 Punkte und liegen damit in Niedersachen an zweiter Stelle.  <\/p>\n<p><a href=\"http:\/\/cms.klvcelle.de\/wp-content\/uploads\/2013\/12\/clip_image0026.jpg\"><img loading=\"lazy\" decoding=\"async\" title=\"clip_image002\" style=\"border-top: 0px; border-right: 0px; background-image: none; border-bottom: 0px; float: left; padding-top: 0px; padding-left: 0px; border-left: 0px; display: inline; padding-right: 0px\" border=\"0\" hspace=\"12\" alt=\"clip_image002\" src=\"http:\/\/cms.klvcelle.de\/wp-content\/uploads\/2013\/12\/clip_image002_thumb6.jpg\" width=\"244\" align=\"left\" height=\"163\"\/><\/a>Bei den Sch\u00fclerinnen lieferten sich die beiden erst neun Jahre alten Lachendorferinnen Pia Hinz und Dana Syssenguth den erwarteten Zweikampf. Dieses Mal lag Dana knapp vor Pia und gewann mit nur 30 Punkten den Kreismeistertitel im Dreikampf. Erfolgreichste Lachendorferin war die 11-j\u00e4hrige Finja Meyer, die Kreismeistertitel im Drei- und Vierkampf und mit der Mannschaft gewinnen konnte. Zweifache Kreismeisterin wurde bei den Sch\u00fclerinnen Lena Meyer (W15) im Drei- und Vierkampf, eine starke Leistung, wenn man ber\u00fccksichtigt, dass sie erst seit dieser Saison aktiv Leichtathletik betreibt. Bei den Sch\u00fclerinnen W14 siegte Johanna Dechert im Dreikampf. und zweifache Vizemeisterin im Drei- und Vierkampf wurde Siri L\u00fcbbers (W15). Vizemeistertitel erk\u00e4mpften auch Rebecca Lloyd (W11) und Marika Meldau (W10) im Dreikampf. Bei den Leichtathleten des TuS Lachendorf holte Nikita Schulz (M11) im Vierkampf den Kreismeistertitel 2013. Christof Meldau (M12) wurde im Drei- und Vierkampf Vizemeister, wie auch Ole Meyer (M15), der die Kreismeisterschaft im Drei- und Vierkampf gewann.  <\/p>\n<p>Sportlich hervorragend schnitten die jungen Athleten der LG Celle-Land ab.  <\/p>\n<p><a href=\"http:\/\/cms.klvcelle.de\/wp-content\/uploads\/2013\/12\/clip_image0043.jpg\"><img loading=\"lazy\" decoding=\"async\" title=\"clip_image004\" style=\"border-top: 0px; border-right: 0px; background-image: none; border-bottom: 0px; float: left; padding-top: 0px; padding-left: 0px; border-left: 0px; display: inline; padding-right: 0px\" border=\"0\" hspace=\"12\" alt=\"clip_image004\" src=\"http:\/\/cms.klvcelle.de\/wp-content\/uploads\/2013\/12\/clip_image004_thumb3.jpg\" width=\"244\" align=\"left\" height=\"164\"\/><\/a>Marie Dehning (W 10) und Liam Somrak (M 10) kr\u00f6nten ihre Leistungen mit dem Gewinn des Drei- und Vierkampfes. Marie lieferte einen Vierkampf ohne Schw\u00e4chen ab, was zu der ausgezeichneten Punktzahl von 1615 Z\u00e4hlern f\u00fchrte. Im Hochsprung steigerte sie sich um acht Zentimeter auf 1,26 cm und im Schlagballwerfen brachte sie es bei Windstille auf die pers\u00f6nliche Bestleistung von 36,50 m. Vizemeisterin Veronique Quednau beeindruckte durch eine deutliche Verbesserung im Weitsprung mit einem Satz von 3,63 m.  <\/p>\n<p>Nach dem Dreikampf hatte Nala Olshausen (W 11) noch auf dem undankbaren vierten Platz gelegen. Doch im Hochsprung machte sie durch \u00fcbersprungene 1,26m viel Boden gut und erk\u00e4mpfte sich mit dieser Energieleistung die Silbermedaille im Vierkampf. So erging es auch Marvin Rullmann M 11. Platz vier hie\u00df es nach dem Dreikampf. Die Punkte im Hochsprung f\u00fcr 1,22m bescherten ihm jedoch die Vizemeisterschaft. Kaja Kr\u00fcger komplettierte die Mannschaft U 12 , gemeinsam wurden die M\u00e4dchen Kreismeister Vierkampf Mannschaft. <\/p>\n<p>Das zweite Mehrkampfdouble holte sich Liam Somrak. Er war der \u00fcberlegene Athlet in seiner Altersklasse M 10 mit \u00fcberzeugenden Leistungen in allen vier Disziplinen. Florian B\u00f6ttcher stand im Vierkampf als Zweiter auf dem Podest. Einen spannenden Wettkampf lieferten sich Jonah Helms und Max Dehning (beide M 9), den schlie\u00dflich Jonah mit zwei Punkten Vorsprung f\u00fcr sich entschied. Lennart B\u00f6hm wurde guter Vierter. Diese drei holten sich zusammen mit Mattis Bothe und Bennet Nickel die Vizemeisterschaft in der Mannschaftswertung. <\/p>\n<p>Die LG Unterl\u00fc\u00dfFa\u00dfbergOldendorf holte 12 Meistertitel.  <\/p>\n<p><a href=\"http:\/\/cms.klvcelle.de\/wp-content\/uploads\/2013\/12\/clip_image0062.jpg\"><img loading=\"lazy\" decoding=\"async\" title=\"clip_image006\" style=\"border-top: 0px; border-right: 0px; background-image: none; border-bottom: 0px; float: left; padding-top: 0px; padding-left: 0px; border-left: 0px; display: inline; padding-right: 0px\" border=\"0\" hspace=\"12\" alt=\"clip_image006\" src=\"http:\/\/cms.klvcelle.de\/wp-content\/uploads\/2013\/12\/clip_image006_thumb2.jpg\" width=\"218\" align=\"left\" height=\"164\"\/><\/a>Zweifacher Kreismeister in der Altersklasse M15 wurde sowohl im Dreikampf als auch im Vierkampf Jan Luca Kapretz, der mit seinen Leistungen als talentierter Mehrk\u00e4mpfer auf sich aufmerksam machte. In der Klasse M14 wurde Christian Lange im Dreikampf und im Vierkampf jeweils Vizemeister. Bei der M13 holte Florian Steiner im Vierkampf den Meistertitel und im Dreikampf den Vizemeister. In der Klasse M12 war ein weiteres Talent zu beobachten. Matti Tewes wurde sowohl im Dreikampf als auch im Vierkampf Kreismeister und erzielte sehr gute Ergebnisse. Auch in der Altersklasse M11 stellte die LG UFO mit Samuel Malte Th\u00f6mmes den Kreismeister im Dreikampf. In der Mannschaftswertung MJ U12 wurde die LG UFO ebenfalls Kreismeister in der Besetzung Justin Morgner, Samuel Malte Th\u00f6mmes, Maximilian Schiller, Henrik Moll und Jannis Pietraszyk. Bei den M 07 gab es im Dreikampf mit Jannis Zeuschner einen weiteren Kreismeister. Bei den M\u00e4dchen gab es ebenfalls zwei Siegerinnen und weitere gute Platzierungen. In der Altersklasse W 09 wurde Lara Barsuhn Kreismeisterin und einen weiteren Titel gab es bei den W07 f\u00fcr Lara Henrike Steinbock, gefolgt von ihren Teamkameradinnen Feyona Bouma auf Platz 2 und Hannah Th\u00f6mmes auf dem 3. Platz. In der Mannschaftswertung der WJ U10 belegte die LG UFO den 2. Platz in der Besetzung Lara Barsuhn, Isabell Petrasch, Lara Henrike Steinbock, Fanelyne Fontanie und Feyona Bouma. <\/p>\n<p>Auch das LAZ Celle kehrte mit Meistertitel nach Hause.  <\/p>\n<p><a href=\"http:\/\/cms.klvcelle.de\/wp-content\/uploads\/2013\/12\/clip_image0081.jpg\"><img loading=\"lazy\" decoding=\"async\" title=\"clip_image008\" style=\"border-top: 0px; border-right: 0px; background-image: none; border-bottom: 0px; float: left; padding-top: 0px; padding-left: 0px; border-left: 0px; display: inline; padding-right: 0px\" border=\"0\" hspace=\"12\" alt=\"clip_image008\" src=\"http:\/\/cms.klvcelle.de\/wp-content\/uploads\/2013\/12\/clip_image008_thumb1.jpg\" width=\"111\" align=\"left\" height=\"164\"\/><\/a>Besonders hervorzuheben sind die Leistungen der 13-j\u00e4hrigen Johanna Reisch, die mit zwei pers\u00f6nlichen Bestleistungen im Weitsprung (4,51m) und im Hochsprung (1,45m) \u00fcberzeugte und Doppelkreismeisterin im Drei- und Vierkampf wurde. Ihre Trainingskameradin Alina Dawid wurde ebenfalls Doppelmeisterin der Klasse W 12. Jorma Blank (M 14) gewann im Vierkampf und stellte mit 1,60m im Hochsprung und 5,00m im Weitsprung pers\u00f6nliche Bestleistungen auf. Weitere Titel f\u00fcr das LAZ Celle gewannen Dennis Vorwerk (M 13) und Ben Ziesler (M 08) im Dreikampf.<\/p>\n","protected":false},"excerpt":{"rendered":"<p>Leichtathleten des KLV Celle ermitteln ihre Mehrkampfmeister Bei einigerma\u00dfen guten Wetterverh\u00e4ltnissen k\u00e4mpften die Leichtathletinnen und Leichtathleten der Vereine LAZ Celle, LG Celle-Land, LG UFO, SV Nienhagen und des TuS Lachendorf, der auch als Veranstalter verantwortlich war, am vergangenen Wochenende um &hellip; <a href=\"https:\/\/www.klvcelle.de\/?p=643\">Continue reading <span class=\"meta-nav\">&rarr;<\/span><\/a><\/p>\n","protected":false},"author":1,"featured_media":0,"comment_status":"closed","ping_status":"closed","sticky":false,"template":"","format":"standard","meta":{"ngg_post_thumbnail":0,"footnotes":""},"categories":[7],"tags":[],"class_list":["post-643","post","type-post","status-publish","format-standard","hentry","category-kreismeisterschaften"],"_links":{"self":[{"href":"https:\/\/www.klvcelle.de\/index.php?rest_route=\/wp\/v2\/posts\/643","targetHints":{"allow":["GET"]}}],"collection":[{"href":"https:\/\/www.klvcelle.de\/index.php?rest_route=\/wp\/v2\/posts"}],"about":[{"href":"https:\/\/www.klvcelle.de\/index.php?rest_route=\/wp\/v2\/types\/post"}],"author":[{"embeddable":true,"href":"https:\/\/www.klvcelle.de\/index.php?rest_route=\/wp\/v2\/users\/1"}],"replies":[{"embeddable":true,"href":"https:\/\/www.klvcelle.de\/index.php?rest_route=%2Fwp%2Fv2%2Fcomments&post=643"}],"version-history":[{"count":0,"href":"https:\/\/www.klvcelle.de\/index.php?rest_route=\/wp\/v2\/posts\/643\/revisions"}],"wp:attachment":[{"href":"https:\/\/www.klvcelle.de\/index.php?rest_route=%2Fwp%2Fv2%2Fmedia&parent=643"}],"wp:term":[{"taxonomy":"category","embeddable":true,"href":"https:\/\/www.klvcelle.de\/index.php?rest_route=%2Fwp%2Fv2%2Fcategories&post=643"},{"taxonomy":"post_tag","embeddable":true,"href":"https:\/\/www.klvcelle.de\/index.php?rest_route=%2Fwp%2Fv2%2Ftags&post=643"}],"curies":[{"name":"wp","href":"https:\/\/api.w.org\/{rel}","templated":true}]}}