{"id":2330,"date":"2018-06-30T09:54:00","date_gmt":"2018-06-30T07:54:00","guid":{"rendered":"http:\/\/www.klvcelle.de\/?p=2330"},"modified":"2018-07-08T09:55:58","modified_gmt":"2018-07-08T07:55:58","slug":"top-location-bestes-wetter-reichhaltiges-essen-so-lautet-die-berschrift-der-diesjhrigen-kampfrichter-und-helferfeier","status":"publish","type":"post","link":"https:\/\/www.klvcelle.de\/?p=2330","title":{"rendered":"Top Location, bestes Wetter, reichhaltiges Essen, so lautet die &Uuml;berschrift der diesj&auml;hrigen Kampfrichter- und Helferfeier"},"content":{"rendered":"<p>Um den vielen Kampfrichtern und Helfern der Leichtathletikveranstaltungen des KLV Celle der letzten Jahre zu danken, lud der Kampfrichterwart &#8220;Rayk Fricke&#8221; am vergangenen Samstag Nachmittag in den Kaffeegarten S\u00fclze ein. Es h\u00e4tten schon noch ein paar mehr Teilnehmer in den Kaffeegarten gepasst, aber leider kamen ferien- bzw. urlaubsbedingt einige Absagen. Nach kurzer Begr\u00fc\u00dfung durch den Vorsitzenden des KLV Celle, Andreas Ull, stellte Fricke die Wichtigkeit und Bedeutung der vielen helfenden H\u00e4nde bei den zahlreichen Celler Leichtathletikveranstaltungen in den Vordergrund. Anders als im regionalen Fu\u00dfball, wo man im Regelfall mit einem Schieds- und einem Linienrichter 90 Minuten \u00fcber die B\u00fchne bringt, sind unsere Sportfeste manchmal zwei Tage lang und binden dabei t\u00e4glich \u00fcber 80 Kampfrichter und Helfer, so Fricke. Mit dem Fu\u00dfball-Personal k\u00f6nnten wir gerade eine Hochsprungdisziplin abdecken, aber Leichtathletik ist eben sehr vielseitig und bindet an jeder Disziplin qualifiziertes Personal und die Auswertung sowie das Catering haben einen ebenso unverzichtbaren Stellenwert res\u00fcmierte der ehemalige Zehnk\u00e4mpfer. Vor diesem Hintergrund warb Fricke bereits hier f\u00fcr die n\u00e4chsten Veranstaltungen und deutete nach der diesj\u00e4hrigen Verschnaufpause an, dass es in 2019 wiederum eine Gro\u00dfveranstaltung in Celle geben wird. Bei gutem Essen, gem\u00fctlicher Gartenatmosph\u00e4re und reichhaltiger Auswahl an Kaltgetr\u00e4nken blieb der Nachmittag und Abend in guter Erinnerung aller teilnehmenden Kampfrichter und Helfer aus dem Kreis Celle. <\/p>\n<p><a href=\"https:\/\/www.klvcelle.de\/wp-content\/uploads\/2018\/07\/DSC_5587b.jpg\"><img loading=\"lazy\" decoding=\"async\" title=\"DSC_5587b\" style=\"border-top: 0px; border-right: 0px; background-image: none; border-bottom: 0px; float: none; padding-top: 0px; padding-left: 0px; margin-left: auto; border-left: 0px; display: block; padding-right: 0px; margin-right: auto\" border=\"0\" alt=\"DSC_5587b\" src=\"https:\/\/www.klvcelle.de\/wp-content\/uploads\/2018\/07\/DSC_5587b_thumb.jpg\" width=\"475\" height=\"269\"\/><\/a><\/p>\n","protected":false},"excerpt":{"rendered":"<p>Um den vielen Kampfrichtern und Helfern der Leichtathletikveranstaltungen des KLV Celle der letzten Jahre zu danken, lud der Kampfrichterwart &#8220;Rayk Fricke&#8221; am vergangenen Samstag Nachmittag in den Kaffeegarten S\u00fclze ein. Es h\u00e4tten schon noch ein paar mehr Teilnehmer in den &hellip; <a href=\"https:\/\/www.klvcelle.de\/?p=2330\">Continue reading <span class=\"meta-nav\">&rarr;<\/span><\/a><\/p>\n","protected":false},"author":1,"featured_media":0,"comment_status":"closed","ping_status":"closed","sticky":false,"template":"","format":"standard","meta":{"ngg_post_thumbnail":0,"footnotes":""},"categories":[4],"tags":[],"class_list":["post-2330","post","type-post","status-publish","format-standard","hentry","category-berichte"],"_links":{"self":[{"href":"https:\/\/www.klvcelle.de\/index.php?rest_route=\/wp\/v2\/posts\/2330","targetHints":{"allow":["GET"]}}],"collection":[{"href":"https:\/\/www.klvcelle.de\/index.php?rest_route=\/wp\/v2\/posts"}],"about":[{"href":"https:\/\/www.klvcelle.de\/index.php?rest_route=\/wp\/v2\/types\/post"}],"author":[{"embeddable":true,"href":"https:\/\/www.klvcelle.de\/index.php?rest_route=\/wp\/v2\/users\/1"}],"replies":[{"embeddable":true,"href":"https:\/\/www.klvcelle.de\/index.php?rest_route=%2Fwp%2Fv2%2Fcomments&post=2330"}],"version-history":[{"count":2,"href":"https:\/\/www.klvcelle.de\/index.php?rest_route=\/wp\/v2\/posts\/2330\/revisions"}],"predecessor-version":[{"id":2332,"href":"https:\/\/www.klvcelle.de\/index.php?rest_route=\/wp\/v2\/posts\/2330\/revisions\/2332"}],"wp:attachment":[{"href":"https:\/\/www.klvcelle.de\/index.php?rest_route=%2Fwp%2Fv2%2Fmedia&parent=2330"}],"wp:term":[{"taxonomy":"category","embeddable":true,"href":"https:\/\/www.klvcelle.de\/index.php?rest_route=%2Fwp%2Fv2%2Fcategories&post=2330"},{"taxonomy":"post_tag","embeddable":true,"href":"https:\/\/www.klvcelle.de\/index.php?rest_route=%2Fwp%2Fv2%2Ftags&post=2330"}],"curies":[{"name":"wp","href":"https:\/\/api.w.org\/{rel}","templated":true}]}}