{"id":2304,"date":"2018-04-22T12:00:00","date_gmt":"2018-04-22T10:00:00","guid":{"rendered":"http:\/\/www.klvcelle.de\/?p=2304"},"modified":"2018-05-15T09:15:01","modified_gmt":"2018-05-15T07:15:01","slug":"landesmeisterschaften-10-km-strae-2","status":"publish","type":"post","link":"https:\/\/www.klvcelle.de\/?p=2304","title":{"rendered":"Landesmeisterschaften 10 km Stra&szlig;e"},"content":{"rendered":"<p align=\"center\"><span style=\"font-size: 11pt; font-family: &quot;Arial&quot;,&quot;sans-serif&quot;; line-height: 115%; mso-fareast-font-family: calibri; mso-ansi-language: de; mso-fareast-language: en-us; mso-bidi-language: ar-sa\"><strong>UFO-L\u00e4ufer mit vorderen Platzierungen<\/strong><\/span><\/p>\n<p align=\"justify\"><b>Uelzen: <\/b>Stra\u00dfenl\u00e4ufe \u00fcber 10 Kilometer k\u00f6nnen sehr herausfordernd sein, wenn es \u00fcber langgezogene und schier endlos erscheinende Landstra\u00dfen geht und die L\u00e4ufer ungesch\u00fctzt dem Wind ausgesetzt sind. Bei den diesj\u00e4hrigen Landesmeisterschaften \u00fcber 10 km Stra\u00dfe hatte sich der ausrichtende SV Rosche f\u00fcr einen abwechslungsreichen Parcours durch die Stadt Uelzen entschieden. <\/p>\n<p align=\"justify\">Die Leichtathletikgemeinschaft Unterl\u00fc\u00dfFa\u00dfbergOldendorf (LG UFO) war mit acht Teilnehmern bei diesen Meisterschaften am Start. Es reichte zwar dieses Jahr nicht f\u00fcr einen Podestplatz, aber f\u00fcr gute Platzierungen in der Breite. <\/p>\n<p align=\"justify\">Finja Lange konnte sich in der Klasse WJ U20 in 43:47 Min. auf einem guten 6. Platz behaupten. <\/p>\n<p align=\"justify\">Kilian Gr\u00fcnhagen kam in einem starken L\u00e4uferfeld der M\u00e4nner in 32:54 Min. ebenfalls auf den 6. Platz. <\/p>\n<p align=\"justify\">In der Klasse MJ U20 liefen Elias Dietz in 39:43 Min. auf den 9. Platz und Trainingsgef\u00e4hrte Tobias Rein belegte den 11. Platz in 42:10 Min. <\/p>\n<p align=\"justify\">Bei den Senioren M45 schaffte Jan Bach einen guten 5. Platz in 36:36 Min., gefolgt von Manoel M\u00fcller auf Platz 12 in 42:01 Min. <\/p>\n<p align=\"justify\">Malte Dahms und Leon Gro\u00df erreichten durch Aufgabe leider nicht das Ziel. <\/p>\n<p align=\"justify\">Die \u201eschwarze Perle\u201c der LG UFO, Ali Mohamed Abdulgrim, durfte leider nur au\u00dfer Konkurrenz starten, da er noch eine Sperrfrist hat. Seine Laufzeit von 34:58 Min. h\u00e4tte ihn in der Gesamtwertung aller m\u00e4nnlichen Teilnehmer auf den 17. Platz gebracht und ihm den Sieg in seiner Altersklasse M35 beschert. Am kommenden Sonntag startet Ali beim Hamburg-Marathon. <i><\/i> <\/p>\n<p><i><\/i> <\/p>\n<p><i><\/i> <\/p>\n<p><a href=\"https:\/\/www.klvcelle.de\/wp-content\/uploads\/2018\/05\/clip_image002.jpg\"><img loading=\"lazy\" decoding=\"async\" title=\"clip_image002\" style=\"border-top: 0px; border-right: 0px; background-image: none; border-bottom: 0px; float: right; padding-top: 0px; padding-left: 0px; margin-left: 0px; border-left: 0px; display: inline; padding-right: 0px; margin-right: 0px\" border=\"0\" hspace=\"12\" alt=\"clip_image002\" src=\"https:\/\/www.klvcelle.de\/wp-content\/uploads\/2018\/05\/clip_image002_thumb.jpg\" width=\"184\" align=\"right\" height=\"244\"\/><\/a><a href=\"https:\/\/www.klvcelle.de\/wp-content\/uploads\/2018\/05\/clip_image004.jpg\"><img loading=\"lazy\" decoding=\"async\" title=\"clip_image004\" style=\"border-top: 0px; border-right: 0px; background-image: none; border-bottom: 0px; float: left; padding-top: 0px; padding-left: 0px; margin-left: 0px; border-left: 0px; display: inline; padding-right: 0px; margin-right: 0px\" border=\"0\" hspace=\"12\" alt=\"clip_image004\" src=\"https:\/\/www.klvcelle.de\/wp-content\/uploads\/2018\/05\/clip_image004_thumb.jpg\" width=\"184\" align=\"left\" height=\"244\"\/><\/a><i><\/i> <\/p>\n<p><i><\/i> <\/p>\n<p><i><\/i> <\/p>\n<p><i><\/i> <\/p>\n<p><i><\/i> <\/p>\n<p><i><\/i> <\/p>\n<p><i><\/i> <\/p>\n<p><i><\/i> <\/p>\n<p><i><\/i> <\/p>\n<p><i><\/i> <\/p>\n<p><i><\/i> <\/p>\n<p><i><\/i> <\/p>\n<p><i><\/i> <\/p>\n<p><i><\/i> <\/p>\n<p><i><\/i> <\/p>\n<p><i><\/i> <\/p>\n<p><i><\/i> <\/p>\n<p><i><\/i> <\/p>\n<p><i><\/i> <\/p>\n<p><i><\/i> <\/p>\n<p><i><\/i> <\/p>\n<p><i><\/i> <\/p>\n<p><i><\/i> <\/p>\n<p><i><\/i> <\/p>\n<p><b><\/b> <\/p>\n<p><b><\/b>&nbsp; <\/p>\n<p><b><\/b>&nbsp; <\/p>\n<p><b><\/b>&nbsp; <\/p>\n<p><b><\/b>&nbsp; <\/p>\n<p><b><\/b>&nbsp; <\/p>\n<p><b><\/b>&nbsp; <\/p>\n<p><b><\/b>&nbsp; <\/p>\n<p><b><\/b>&nbsp; <\/p>\n<p><b><\/b>&nbsp; <\/p>\n<p align=\"center\"><b>Kilian Gr\u00fcnhagen Ali Mohamed Abdulgrim<\/b><\/p>\n","protected":false},"excerpt":{"rendered":"<p>UFO-L\u00e4ufer mit vorderen Platzierungen Uelzen: Stra\u00dfenl\u00e4ufe \u00fcber 10 Kilometer k\u00f6nnen sehr herausfordernd sein, wenn es \u00fcber langgezogene und schier endlos erscheinende Landstra\u00dfen geht und die L\u00e4ufer ungesch\u00fctzt dem Wind ausgesetzt sind. Bei den diesj\u00e4hrigen Landesmeisterschaften \u00fcber 10 km Stra\u00dfe hatte &hellip; <a href=\"https:\/\/www.klvcelle.de\/?p=2304\">Continue reading <span class=\"meta-nav\">&rarr;<\/span><\/a><\/p>\n","protected":false},"author":1,"featured_media":0,"comment_status":"closed","ping_status":"closed","sticky":false,"template":"","format":"standard","meta":{"ngg_post_thumbnail":0,"footnotes":""},"categories":[9],"tags":[],"class_list":["post-2304","post","type-post","status-publish","format-standard","hentry","category-landesmeisterschaften"],"_links":{"self":[{"href":"https:\/\/www.klvcelle.de\/index.php?rest_route=\/wp\/v2\/posts\/2304","targetHints":{"allow":["GET"]}}],"collection":[{"href":"https:\/\/www.klvcelle.de\/index.php?rest_route=\/wp\/v2\/posts"}],"about":[{"href":"https:\/\/www.klvcelle.de\/index.php?rest_route=\/wp\/v2\/types\/post"}],"author":[{"embeddable":true,"href":"https:\/\/www.klvcelle.de\/index.php?rest_route=\/wp\/v2\/users\/1"}],"replies":[{"embeddable":true,"href":"https:\/\/www.klvcelle.de\/index.php?rest_route=%2Fwp%2Fv2%2Fcomments&post=2304"}],"version-history":[{"count":1,"href":"https:\/\/www.klvcelle.de\/index.php?rest_route=\/wp\/v2\/posts\/2304\/revisions"}],"predecessor-version":[{"id":2305,"href":"https:\/\/www.klvcelle.de\/index.php?rest_route=\/wp\/v2\/posts\/2304\/revisions\/2305"}],"wp:attachment":[{"href":"https:\/\/www.klvcelle.de\/index.php?rest_route=%2Fwp%2Fv2%2Fmedia&parent=2304"}],"wp:term":[{"taxonomy":"category","embeddable":true,"href":"https:\/\/www.klvcelle.de\/index.php?rest_route=%2Fwp%2Fv2%2Fcategories&post=2304"},{"taxonomy":"post_tag","embeddable":true,"href":"https:\/\/www.klvcelle.de\/index.php?rest_route=%2Fwp%2Fv2%2Ftags&post=2304"}],"curies":[{"name":"wp","href":"https:\/\/api.w.org\/{rel}","templated":true}]}}