{"id":2245,"date":"2018-01-20T12:00:00","date_gmt":"2018-01-20T11:00:00","guid":{"rendered":"http:\/\/www.klvcelle.de\/?p=2245"},"modified":"2018-01-25T08:49:43","modified_gmt":"2018-01-25T07:49:43","slug":"klara-borchert-glnzt-bei-landesmeisterschaften-in-hannover","status":"publish","type":"post","link":"https:\/\/www.klvcelle.de\/?p=2245","title":{"rendered":"Klara Borchert gl&auml;nzt bei Landesmeisterschaften in Hannover"},"content":{"rendered":"<p align=\"justify\">Hannover:  Zum Auftakt der diesj\u00e4hrigen Leichtathletiksaison fanden am Wochenende im Sportleistungszentrum Hannover die Hallen-Landesmeisterschaften f\u00fcr M\u00e4nner, Frauen und Jugend U18 statt. Aus dem Celler Bereich waren 17 Teilnehmer der Leichtathletikgemeinschaft Unterl\u00fc\u00dfFa\u00dfbergOldendorf (LG UFO), 4 Teilnehmer der LG Celle-Land und ein Athlet vom LAZ Celle am Start.<\/p>\n<p align=\"justify\">Gleich zu Beginn der Wettk\u00e4mpfe musste sich Klara Borchert\/WJ U18 von der LG UFO beweisen. Sie trat zu ihrem ersten wettkampfm\u00e4\u00dfigen Lauf \u00fcber 400 m an. Hochkonzentriert erwischte sie einen guten Start und lief von Beginn an im Spitzenfeld mit. Ausgangs der letzten Kurve noch an Position zwei liegend, schob sie sich in einem fulminanten Finish noch an ihrer Kontrahentin aus Hannover vorbei und siegte ganz knapp mit 4 Hundertstelsekunden Vorsprung in einer tollen Zeit von 59,13 Sek. Nach der Disqualifikation \u00fcber 300 im Vorjahr an gleicher Stelle, wo Klara sich als \u00fcberlegene Siegerin schon als Landesmeisterin gef\u00fchlt hatte, ist ihr diesj\u00e4hriger Landesmeistertitel eine gro\u00dfe Genugtuung. \u201eEin solcher Auftritt in ihrem ersten 400-Meter-Lauf unter Wettkampfbedingungen ist eine starke Leistung\u201c, freute sich Trainer Rybizki. Am zweiten Wettkampftag ging Klara dann noch \u00fcber 200 m an den Start. Hier konnte sie sich mit dem 3. Platz in 25,99 Sek. \u00fcber eine neue pers\u00f6nliche Bestzeit und einen weiteren Podestplatz freuen. <\/p>\n<p align=\"justify\">Bei den M\u00e4nnern konnten sich zwei Athleten der LG UFO gut in Szene setzen und holten sich den Titel eines Vizelandesmeisters. Nils-Henrik Meyer startete \u00fcber 400 m und lieferte sich einen spannenden Wettlauf mit dem favorisierten Jan-Gerhard Onken von Germania Leer. Im Ziel musste er sich ganz knapp mit 15 Hundertstelsekunden R\u00fcckstand geschlagen geben und belegte den 2. Platz. Teamkollege Kilian Gr\u00fcnhagen ging \u00fcber 1500 m an den Start. Zur Mitte des Rennens teilweise in F\u00fchrung liegend, musste er sich im Ziel um 2 Sek. geschlagen geben und belegte in 3:54,58 Min. ebenfalls den 2. Platz. Die Norm zur Teilnahme an den Deutschen Meisterschaften (3:53,00 Min.) verpasste er damit erst einmal denkbar knapp.<\/p>\n<p align=\"justify\">Finja Sasse\/WJ U18 von der LG UFO, im letzten Jahr von viel Verletzungspech verfolgt, konnte \u00fcber 800 m endlich wieder ein Erfolgserlebnis verbuchen und holte sich in 2:22,44 Min. den 3. Platz. Mit dieser Zeit verbesserte sie ihre bisherige pers\u00f6nliche Bestleitung um 2 Sekunden. Auch Teamgef\u00e4hrte Elias Dietz\/MJ U18 holte sich \u00fcber 3000 m den 3. Platz. Die vierte Bronzemedaille f\u00fcr die LG UFO sicherte sich die 4&#215;200 m Staffel der MJ U18 in der Besetzung Samuel Malte Th\u00f6mmes, Tobias Rein, Philip-Karsten Hilmer und Leon Gro\u00df in 1:40,59 Min. Frust herrschte dagegen bei den 4x200m Staffeln der WJ U18 und der M\u00e4nner. Beide Staffeln schieden durch Stabverlust bei den Wechseln aus. Besonders \u00e4rgerlich f\u00fcr die M\u00e4nner, die bei dem zweiten Wechsel aussichtsreich in F\u00fchrung lagen und einen Podestplatz fest im Visier hatten.<\/p>\n<p align=\"justify\">Caroline Marie Harling\/WJ U18 von der LG UFO k\u00e4mpfte sich \u00fcber die Sprintdistanz 60 m in einem starken Teilnehmerfeld von 30 Athletinnen \u00fcber Vor- und Zwischenlauf bis ins Finale und belegte hier in 8,15 Sek. einen sehr guten 7. Platz. Im Vorlauf verbesserte sie mit 8,09 Sek. ihre pers\u00f6nliche Bestleistung. \u00dcber 200 m lief Caroline in 26,55 Sek. auf den 9. Platz und erzielte ebenfalls eine neue pers\u00f6nliche Bestzeit. Teamgef\u00e4hrtin Lena Pfeiffer\/WJ U18 belegte in einem couragierten Lauf \u00fcber 3000 m in 11:16,58 Min. den 5. Platz und Teamgef\u00e4hrte Tobias Rein \u00fcber 800 m in 2:07,85 Min. ebenfalls den 5. Platz. Nicht ganz an seine bisherigen Leistungen ankn\u00fcpfen konnte Malte Paschek\/MJ U18 von der LG UFO. \u00dcber 200 m belegte er in 23,67 Sek. den 7. Platz. Trainingspartner Samuel Malte Th\u00f6mmes\/MJ U18 kam im Weitsprung mit 5,70 Meter auf den 8. Platz. <\/p>\n<p align=\"justify\">Von der LG Celle-Land ging Mehrkampftalent Marie Dehning\/W15 im Weitsprung an den Start. In der Altersklasse WJ U18 musste sie sich mit bis zu zwei Jahre \u00e4lteren Athletinnnen messen. Sie tat es mit Bravour und holte sich mit einem Sprung auf 5,48 Meter weitengleich mit der Zweitplatzierten Lara Siemer aus Hannover die Bronzemedaille.<\/p>\n<p align=\"justify\">Trainingspartnerin Esther Boeijink\/WJ U18 zeigte ebenfalls einen guten Weitsprungswettkampf. Nach anf\u00e4nglich technischen Schwierigkeiten k\u00e4mpfte sie sich mit 5,20 Meter auf den 8. Platz.<\/p>\n<p align=\"justify\">Marvin Rullmann\/MJ U18 von LG Celle-Land stie\u00df die f\u00fcr ihn noch etwas ungewohnte 5-kg Eisenkugel auf 10,64 Meter und belegte damit den 7. Platz im Kugelsto\u00dfen.<\/p>\n<p align=\"justify\">In ihrem ersten Rennen \u00fcber 3000 m in der Halle lief Teamgef\u00e4hrtin Kaya Kr\u00fcger mit 12:06 Min. neue pers\u00f6nliche Bestzeit und kam als Neunte ins Ziel. <\/p>\n<p align=\"justify\">Christoph Meldau\/MJ U18 vom LAZ Celle hatte sich im Hoch- und Weitsprung f\u00fcr die Teilnahme an den Landesmeisterschaften qualifiziert. Mit 1,78 Meter best\u00e4tigte er seine derzeitige gute Trainingsform und belegte einen sehr guten 4. Platz unter 10 Teilnehmern. Im Weitsprung kam er mit dem Anlauf nicht zurecht. Mit einer Weite von 5,59 Meter verpasste er als Zehnter den Endkampf. <\/p>\n<p align=\"justify\">Somit kehrten die Celler Athletinnen und Athleten mit insgesamt 8 Medaillen im Gep\u00e4ck von den Landesmeisterschaften in Hannover heim. Am kommenden Wochenende folgt der zweite Teil der Landesmeisterschaften mit den Klassen U20 und U16. Einige Teilnehmer von diesem Wochenende werden dann erneut an den Start gehen.<\/p>\n<p><a href=\"https:\/\/www.klvcelle.de\/wp-content\/uploads\/2018\/01\/clip_image002.jpg\"><img loading=\"lazy\" decoding=\"async\" width=\"139\" height=\"244\" title=\"Klara Borchert bei der Siegerehrung\" style=\"margin-right: auto; margin-left: auto; float: none; display: block; background-image: none;\" alt=\"Klara Borchert bei der Siegerehrung\" src=\"https:\/\/www.klvcelle.de\/wp-content\/uploads\/2018\/01\/clip_image002_thumb.jpg\" border=\"0\"\/><\/a><\/p>\n<p>.<\/p>\n<p>Text: J\u00fcrgen Schiller<\/p>\n","protected":false},"excerpt":{"rendered":"<p>Hannover: Zum Auftakt der diesj\u00e4hrigen Leichtathletiksaison fanden am Wochenende im Sportleistungszentrum Hannover die Hallen-Landesmeisterschaften f\u00fcr M\u00e4nner, Frauen und Jugend U18 statt. Aus dem Celler Bereich waren 17 Teilnehmer der Leichtathletikgemeinschaft Unterl\u00fc\u00dfFa\u00dfbergOldendorf (LG UFO), 4 Teilnehmer der LG Celle-Land und ein &hellip; <a href=\"https:\/\/www.klvcelle.de\/?p=2245\">Continue reading <span class=\"meta-nav\">&rarr;<\/span><\/a><\/p>\n","protected":false},"author":1,"featured_media":0,"comment_status":"closed","ping_status":"closed","sticky":false,"template":"","format":"standard","meta":{"ngg_post_thumbnail":0,"footnotes":""},"categories":[9],"tags":[],"class_list":["post-2245","post","type-post","status-publish","format-standard","hentry","category-landesmeisterschaften"],"_links":{"self":[{"href":"https:\/\/www.klvcelle.de\/index.php?rest_route=\/wp\/v2\/posts\/2245","targetHints":{"allow":["GET"]}}],"collection":[{"href":"https:\/\/www.klvcelle.de\/index.php?rest_route=\/wp\/v2\/posts"}],"about":[{"href":"https:\/\/www.klvcelle.de\/index.php?rest_route=\/wp\/v2\/types\/post"}],"author":[{"embeddable":true,"href":"https:\/\/www.klvcelle.de\/index.php?rest_route=\/wp\/v2\/users\/1"}],"replies":[{"embeddable":true,"href":"https:\/\/www.klvcelle.de\/index.php?rest_route=%2Fwp%2Fv2%2Fcomments&post=2245"}],"version-history":[{"count":2,"href":"https:\/\/www.klvcelle.de\/index.php?rest_route=\/wp\/v2\/posts\/2245\/revisions"}],"predecessor-version":[{"id":2247,"href":"https:\/\/www.klvcelle.de\/index.php?rest_route=\/wp\/v2\/posts\/2245\/revisions\/2247"}],"wp:attachment":[{"href":"https:\/\/www.klvcelle.de\/index.php?rest_route=%2Fwp%2Fv2%2Fmedia&parent=2245"}],"wp:term":[{"taxonomy":"category","embeddable":true,"href":"https:\/\/www.klvcelle.de\/index.php?rest_route=%2Fwp%2Fv2%2Fcategories&post=2245"},{"taxonomy":"post_tag","embeddable":true,"href":"https:\/\/www.klvcelle.de\/index.php?rest_route=%2Fwp%2Fv2%2Ftags&post=2245"}],"curies":[{"name":"wp","href":"https:\/\/api.w.org\/{rel}","templated":true}]}}