{"id":2215,"date":"2017-09-24T12:00:00","date_gmt":"2017-09-24T10:00:00","guid":{"rendered":"http:\/\/www.klvcelle.de\/?p=2215"},"modified":"2017-10-01T11:17:59","modified_gmt":"2017-10-01T09:17:59","slug":"rosi-kug-und-jenny-lemke-in-top-form","status":"publish","type":"post","link":"https:\/\/www.klvcelle.de\/?p=2215","title":{"rendered":"Rosi Klug und Jenny Lemke in Top-Form"},"content":{"rendered":"<p>Am vergangenen Wochenende gleichzeitig mit dem 44.Berlin-Marathon fanden in Zeven die Landesmeisterschaften f\u00fcr Niedersachsen und Bremen im Halbmarathon statt. Das derzeit gut aufgestellte Frauen-Laufteam des MTV M\u00fcden\/\u00d6rtze hatte mit Rosi Klug (W65) und Jenny Lemke (W50) zwei aussichtsreiche Athletinnen bei der gut organisierten Veranstaltung am Start. Von Beginn an gingen sowohl Lemke als auch die erfahrene Klug das Rennen couragiert an. Die Distanz musste in vier Runden absolviert werden. Mit optimaler und \u00fcber weite Strecken gleichm\u00e4\u00dfiger Laufeinteilung erreichte Lemke in ihrem erst zweiten Halbmarathon mit einer Top-Zeit von 1:52:07 Stunden das Ziel, dicht gefolgt von Klug in \u00fcberragenden 1:53:57 Stunden. Damit holte sich Klug souver\u00e4n den Landesmeistertitel in der Altersklasse W65 und Lemke wurde Vizemeisterin in der Altersklasse W50. Insbesondere bei Lemke ist leistungsm\u00e4\u00dfig das Ende der Fahnenstange noch lange nicht erreicht, so Andreas Ull, langj\u00e4hriger Ausdauertrainer im MTV M\u00fcden.<\/p>\n<p><a href=\"https:\/\/www.klvcelle.de\/wp-content\/uploads\/2017\/10\/LM_HM-Zeven-2017.jpg\"><img loading=\"lazy\" decoding=\"async\" title=\"Bild: links Rosi Klug, rechts Jenny Lemke\" style=\"border-top: 0px; border-right: 0px; background-image: none; border-bottom: 0px; float: none; padding-top: 0px; padding-left: 0px; margin-left: auto; border-left: 0px; display: block; padding-right: 0px; margin-right: auto\" border=\"0\" alt=\"Bild: links Rosi Klug, rechts Jenny Lemke\" src=\"https:\/\/www.klvcelle.de\/wp-content\/uploads\/2017\/10\/LM_HM-Zeven-2017_thumb.jpg\" width=\"148\" height=\"244\"\/><\/a><\/p>\n","protected":false},"excerpt":{"rendered":"<p>Am vergangenen Wochenende gleichzeitig mit dem 44.Berlin-Marathon fanden in Zeven die Landesmeisterschaften f\u00fcr Niedersachsen und Bremen im Halbmarathon statt. Das derzeit gut aufgestellte Frauen-Laufteam des MTV M\u00fcden\/\u00d6rtze hatte mit Rosi Klug (W65) und Jenny Lemke (W50) zwei aussichtsreiche Athletinnen bei &hellip; <a href=\"https:\/\/www.klvcelle.de\/?p=2215\">Continue reading <span class=\"meta-nav\">&rarr;<\/span><\/a><\/p>\n","protected":false},"author":1,"featured_media":0,"comment_status":"closed","ping_status":"closed","sticky":false,"template":"","format":"standard","meta":{"ngg_post_thumbnail":0,"footnotes":""},"categories":[9],"tags":[],"class_list":["post-2215","post","type-post","status-publish","format-standard","hentry","category-landesmeisterschaften"],"_links":{"self":[{"href":"https:\/\/www.klvcelle.de\/index.php?rest_route=\/wp\/v2\/posts\/2215","targetHints":{"allow":["GET"]}}],"collection":[{"href":"https:\/\/www.klvcelle.de\/index.php?rest_route=\/wp\/v2\/posts"}],"about":[{"href":"https:\/\/www.klvcelle.de\/index.php?rest_route=\/wp\/v2\/types\/post"}],"author":[{"embeddable":true,"href":"https:\/\/www.klvcelle.de\/index.php?rest_route=\/wp\/v2\/users\/1"}],"replies":[{"embeddable":true,"href":"https:\/\/www.klvcelle.de\/index.php?rest_route=%2Fwp%2Fv2%2Fcomments&post=2215"}],"version-history":[{"count":2,"href":"https:\/\/www.klvcelle.de\/index.php?rest_route=\/wp\/v2\/posts\/2215\/revisions"}],"predecessor-version":[{"id":2217,"href":"https:\/\/www.klvcelle.de\/index.php?rest_route=\/wp\/v2\/posts\/2215\/revisions\/2217"}],"wp:attachment":[{"href":"https:\/\/www.klvcelle.de\/index.php?rest_route=%2Fwp%2Fv2%2Fmedia&parent=2215"}],"wp:term":[{"taxonomy":"category","embeddable":true,"href":"https:\/\/www.klvcelle.de\/index.php?rest_route=%2Fwp%2Fv2%2Fcategories&post=2215"},{"taxonomy":"post_tag","embeddable":true,"href":"https:\/\/www.klvcelle.de\/index.php?rest_route=%2Fwp%2Fv2%2Ftags&post=2215"}],"curies":[{"name":"wp","href":"https:\/\/api.w.org\/{rel}","templated":true}]}}