{"id":2128,"date":"2017-03-19T11:00:00","date_gmt":"2017-03-19T10:00:00","guid":{"rendered":"http:\/\/www.klvcelle.de\/?p=2128"},"modified":"2017-03-28T17:19:33","modified_gmt":"2017-03-28T15:19:33","slug":"deutsche-crosslauf-meisterschaften-in-lningen","status":"publish","type":"post","link":"https:\/\/www.klvcelle.de\/?p=2128","title":{"rendered":"Landesmeisterschaften 10km Stra&szlig;e Hannover"},"content":{"rendered":"<p align=\"center\"><b><i>2x Gold und 1x Bronze f\u00fcr Celler Athleten<\/i><\/b><b><i><\/i><\/b> <\/p>\n<p><b><i><\/i><\/b> <\/p>\n<p align=\"justify\"><b>Hannover \/<\/b> Eine gro\u00dfe Herausforderung f\u00fcr die Teilnehmer der diesj\u00e4hrigen Landesmeisterschaften im 10 km Stra\u00dfenlauf in Hannover-Bothfeld. Dauerregen und teilweise starke Windb\u00f6en verlangten den 342 Teilnehmern aus 73 Vereinen alles ab und lie\u00dfen kaum Topzeiten zu. <\/p>\n<p align=\"justify\">Jeweils sechs L\u00e4uferinnen und L\u00e4ufer von der LG Celle-Land sowie der LG UFO trotzten den widrigen Bedingungen und konnten teilweise sehr erfreuliche Ergebnisse erzielen. Allen voran die Seniorinnen und Senioren der LG Celle-Land. Natalia Quednau (43:05), Britta Dressler (48:23) und Sandra Messmer (50:14) holten sich mit einer geschlossenen Teamleistung den Sieg in der Mannschaftswertung W40\/45. Genauso erfolgreich trat das Seniorenteam M60\/65 auf. Mit Hans-J\u00fcrgen K\u00f6hler (42:39), Hans R\u00f6per (44:23) und Detlef M\u00fcller (46:06) ging auch hier in der Mannschaftwertung der Landesmeistertitel an die LG Celle-Land. <\/p>\n<p align=\"justify\">Von der LG UFO konnte sich Jan Bach \u00fcber den 3. Platz in der Altersklasse M45 freuen. Er lief trotz der widrigen Bedingungen mit 35:54 min neue pers\u00f6nliche Bestzeit und steigerte sich damit um \u00fcber 1 Minute. Finja Lange (WJ U20) konnte sich trotz krankheitsbedingtem Trainingsr\u00fcckstands in 40:46 min auf einem guten 6. Platz behaupten. Mit 36:45 min kam Robin Nikolai (MJ U20) auf den 9. Platz in seiner Altersklasse. Manoel M\u00fcller (M40) lief in 42:16 min auf den 7. Platz und konnte seine Zeit vom Wasa-Lauf um 35 Sekunden verbessern. Bj\u00f6rn Solterbeck (M50), auch er krankheitsbedingt mit gro\u00dfem Trainingsr\u00fcckstand, absolvierte die Strecke in 43:55 min auf dem 27.Platz. Malte Dahms musste nach ca. 1,5 km leider verletzungsbedingt aussteigen. <\/p>\n<p><a href=\"https:\/\/www.klvcelle.de\/wp-content\/uploads\/2017\/03\/clip_image0024.jpg\"><img loading=\"lazy\" decoding=\"async\" title=\"clip_image002[4]\" style=\"border-top: 0px; border-right: 0px; background-image: none; border-bottom: 0px; float: left; padding-top: 0px; padding-left: 0px; border-left: 0px; display: inline; padding-right: 0px\" border=\"0\" hspace=\"12\" alt=\"clip_image002[4]\" src=\"https:\/\/www.klvcelle.de\/wp-content\/uploads\/2017\/03\/clip_image0024_thumb.jpg\" width=\"149\" align=\"left\" height=\"244\"\/><\/a>In dem vorangegangenen Rahmenwettkampf \u00fcber 5 km startete Veronique Quednau (W14). Mit einer sehr guten Zeit von 20:39 min belegte sie den 2. Platz. <\/p>\n<p><a href=\"https:\/\/www.klvcelle.de\/wp-content\/uploads\/2017\/03\/clip_image0044.jpg\"><img loading=\"lazy\" decoding=\"async\" title=\"clip_image004[4]\" style=\"border-top: 0px; border-right: 0px; background-image: none; border-bottom: 0px; float: right; padding-top: 0px; padding-left: 0px; margin-left: 0px; border-left: 0px; display: inline; padding-right: 0px; margin-right: 0px\" border=\"0\" hspace=\"12\" alt=\"clip_image004[4]\" src=\"https:\/\/www.klvcelle.de\/wp-content\/uploads\/2017\/03\/clip_image0044_thumb.jpg\" width=\"244\" align=\"right\" height=\"139\"\/><\/a><\/p>\n<p>&nbsp;<\/p>\n<p>&nbsp;<\/p>\n<p>&nbsp;<\/p>\n<p>&nbsp;<\/p>\n<p>&nbsp;<\/p>\n<p align=\"right\"><i>Das siegreiche Team der LG Celle-Land von links:<\/i><\/p>\n<p align=\"right\"><i>Sandra Messmer, Hans-J\u00fcrgen K\u00f6hler, Britta Dressler,<\/i> <\/p>\n<p align=\"right\"><i>Detlef M\u00fcller, Natalia Quednau u. Hans R\u00f6per&nbsp;&nbsp;&nbsp;&nbsp;&nbsp;&nbsp;&nbsp;&nbsp;&nbsp; <\/i> <\/p>\n<p><i>Jan Bach (LG UFO) im Bild rechts <\/i><\/p>\n","protected":false},"excerpt":{"rendered":"<p>2x Gold und 1x Bronze f\u00fcr Celler Athleten Hannover \/ Eine gro\u00dfe Herausforderung f\u00fcr die Teilnehmer der diesj\u00e4hrigen Landesmeisterschaften im 10 km Stra\u00dfenlauf in Hannover-Bothfeld. Dauerregen und teilweise starke Windb\u00f6en verlangten den 342 Teilnehmern aus 73 Vereinen alles ab und &hellip; <a href=\"https:\/\/www.klvcelle.de\/?p=2128\">Continue reading <span class=\"meta-nav\">&rarr;<\/span><\/a><\/p>\n","protected":false},"author":1,"featured_media":0,"comment_status":"closed","ping_status":"closed","sticky":false,"template":"","format":"standard","meta":{"ngg_post_thumbnail":0,"footnotes":""},"categories":[9],"tags":[],"class_list":["post-2128","post","type-post","status-publish","format-standard","hentry","category-landesmeisterschaften"],"_links":{"self":[{"href":"https:\/\/www.klvcelle.de\/index.php?rest_route=\/wp\/v2\/posts\/2128","targetHints":{"allow":["GET"]}}],"collection":[{"href":"https:\/\/www.klvcelle.de\/index.php?rest_route=\/wp\/v2\/posts"}],"about":[{"href":"https:\/\/www.klvcelle.de\/index.php?rest_route=\/wp\/v2\/types\/post"}],"author":[{"embeddable":true,"href":"https:\/\/www.klvcelle.de\/index.php?rest_route=\/wp\/v2\/users\/1"}],"replies":[{"embeddable":true,"href":"https:\/\/www.klvcelle.de\/index.php?rest_route=%2Fwp%2Fv2%2Fcomments&post=2128"}],"version-history":[{"count":2,"href":"https:\/\/www.klvcelle.de\/index.php?rest_route=\/wp\/v2\/posts\/2128\/revisions"}],"predecessor-version":[{"id":2134,"href":"https:\/\/www.klvcelle.de\/index.php?rest_route=\/wp\/v2\/posts\/2128\/revisions\/2134"}],"wp:attachment":[{"href":"https:\/\/www.klvcelle.de\/index.php?rest_route=%2Fwp%2Fv2%2Fmedia&parent=2128"}],"wp:term":[{"taxonomy":"category","embeddable":true,"href":"https:\/\/www.klvcelle.de\/index.php?rest_route=%2Fwp%2Fv2%2Fcategories&post=2128"},{"taxonomy":"post_tag","embeddable":true,"href":"https:\/\/www.klvcelle.de\/index.php?rest_route=%2Fwp%2Fv2%2Ftags&post=2128"}],"curies":[{"name":"wp","href":"https:\/\/api.w.org\/{rel}","templated":true}]}}