{"id":1807,"date":"2015-06-14T12:00:00","date_gmt":"2015-06-14T10:00:00","guid":{"rendered":"http:\/\/www.klvcelle.de\/?p=1807"},"modified":"2015-06-23T14:39:58","modified_gmt":"2015-06-23T12:39:58","slug":"bezirksmeisterschaften-mit-kreismeisterschaft-u16-und-u14-in-nienhagen","status":"publish","type":"post","link":"https:\/\/www.klvcelle.de\/?p=1807","title":{"rendered":"Bezirksmeisterschaften mit Kreismeisterschaft U16 und U14 in Nienhagen"},"content":{"rendered":"<p align=\"center\"><b>Marvin Rullmann holt vier Bezirksmeistertitel<\/b> <\/p>\n<p align=\"center\"><b>Insgesamt 25 Podestpl\u00e4tze f\u00fcr Celler Athleten in Nienhagen<\/b> <\/p>\n<p align=\"justify\">Das war Werbung f\u00fcr den Leichtathletiksport in unserer Region. Am vergangenen Sonntag ermittelten insgesamt 242 junge Athletinnen und Athleten in den Altersklassen U16 und U14 ihre Bezirksmeister, wobei die Ergebnisse f\u00fcr die Sportler aus dem Bereich des KLV Celle mit Ausnahme der 800 m gleichzeitig als Kreismeisterschaften gewertet wurden. Bei der vom SV Nienhagen gut organisierten Veranstaltung wurden nebenbei sechs neue Stadionrekorde aufgestellt. <\/p>\n<p align=\"justify\">Erfolgreichster Teilnehmer an diesem Wettkampftag war Marvin Rullmann (M13) von der LG Celle-Land, der wieder einmal sein gro\u00dfes Mehrkampftalent beweisen konnte. Gleich in seiner ersten Disziplin beim 60 m H\u00fcrdensprint verbesserte er seine Bestzeit um 4\/10 Sek. und holte in 10,63 sec seinen ersten von vier Bezirkstiteln. Auch im 75 m Sprint verbesserte er seine Zeit um gut 4\/10 Sek auf 10,22 sec und errang die zweite Goldmedaille. Mit 8,89 m im Kugelsto\u00dfen und 4,45 m im Weitsprung holte er dann zwei weitere erste Pl\u00e4tze. <\/p>\n<p align=\"justify\">Ebenfalls gut aufgelegt war auch Marie Dehning (W12), ebenfalls von LG Celle-Land. \u00dcber 800 m lief sie in einem taktisch guten Rennen in neuer pers\u00f6nlicher Bestzeit von 2:28,81 min auf das Siegertreppchen. Vereinskollegin Veronique Quednau holte im selben Lauf in ebenfalls neuer Bestzeit mit 2:36,41 min hinter ihr den zweiten Platz. In den weiteren Disziplinen Weitsprung (4,66 m), 60 m H\u00fcrdensprint (10,64 sec) sowie Kugelsto\u00dfen (6,91 m) erreichte Marie noch drei weitere zweite Pl\u00e4tze. <\/p>\n<p align=\"justify\">Vom TuS Lachendorf war u.a. Christoph Meldau (M14) in f\u00fcnf Disziplinen am Start. Auch er hat sein Mehrkampftalent schon mehrfach unter Beweis gestellt und konnte diesmal f\u00fcnf !! Podestpl\u00e4tze in der Bezirkswertung erringen. In seiner Paradedisziplin Weitsprung wurde er mit sehr guten 5,32 Bezirksmeister. Dar\u00fcber hinaus holte er \u00fcber 80 m H\u00fcrden (12,42 sec), 100 m Sprint (12,89 sec) und im Kugelsto\u00dfen (9,82) drei weitere Silbermedaillen. Komplettiert wurde seine Sammlung mit einer Bronzemedaille im Hochsprung \u00fcber 1,55 m. Vereinskamerad Eckhard Deppner (M13) trat erstmals im Kugelsto\u00dfen an und wurde mit 7,52 m auf Anhieb Bezirks-Vizemeister. Die M\u00e4dchen des TuS Lachendorf konnten an diesem Tag nur mit der 4&#215;75 m Staffel \u00fcberzeugen. In der Besetzung Lotte Haubert, Pauline Hoppenstedt, Finja Meyer und Marika Meldau sicherten sie sich in 43,12 sec die Bronzemedaille. Ansonsten \u00fcberzeugte nur Finja Meyer mit zwei pers\u00f6nlichen Bestleistungen. <\/p>\n<p align=\"justify\">Die Leichtathletikgemeinschaft Unterl\u00fc\u00dfFa\u00dfbergOldendorf (LG UFO) holte sich mit der 4&#215;75 m Staffel in der Klasse MJ U14 die Bezirksmeisterschaft. In der Besetzung Samuel Malte Th\u00f6mmes, Justin Morgner, Henrik Moll und Maximilian Schiller stellten sie in 44,00 sec gleichzeitig einen neuen Stadionrekord in Nienhagen auf. Leon Gro\u00df (M14) von LG UFO gewann \u00fcber 800 m in 2:30,23 min die Silbermedaille im Bezirk. Teamkamerad Elias Dietz (M13) zog seinen Endspurt etwas zu sp\u00e4t an und belegte in seinem Lauf \u00fcber 800 m mit einem R\u00fcckstand von lediglich 53\/10 Sek. den dritten Platz. Die M\u00e4dchen der \u201eUFOs\u201c holten sich \u00fcber 800 m mit Finja Sasse (W13) in 2:35,46 min und Lena Pfeiffer (W12) in 2:36,46 min zwei Bronzemedaillen. <\/p>\n<p align=\"justify\">Mit der Bezirks-Vizemeisterschaft im Weitsprung mit 3,86 m belohnte sich Julius Gottschalk (M12) vom LAZ Celle. Teamkameradin Johanna Reisch (W15) konnte sich beim Hochsprung mit 1,51 m ebenfalls \u00fcber eine Bronzemedaille in der Bezirkswertung freuen. <\/p>\n<p align=\"justify\">Der gastgebende SV Nienhagen konnte in der Bezirksmeisterschaft zwei Bronzemedaillen im heimischen Sportpark erringen. Tim R\u00f6thig (M13) erreichte im Weitsprung mit 3,86 m ebenso den dritten Platz wie Phil Sch\u00fcpfer (M12), der \u00fcber 800 m in 2:38,47 min als j\u00fcngster L\u00e4ufer im Feld einen starken dritten Platz erk\u00e4mpfte. <\/p>\n<p class=\"MsoNormal\" style=\"text-align: justify; margin: 0cm 0cm 6pt\"><span style=\"font-size: 10pt; font-family: &quot;Arial&quot;,&quot;sans-serif&quot;; line-height: 114%\">Bei der Wertung der Kreismeisterschaften erreichte LAZ Celle mit 13 Titeln die h\u00f6chste Quote, dicht gefolgt von TuS Lachendorf mit 12, LG Celle-Land mit 7, LG UFO mit 3 und SV Nienhagen mit 1 Titel.< ?xml:namespace prefix = \"o\" ns = \"urn:schemas-microsoft-com:office:office\" \/><o:p><\/o:p><\/span><\/p>\n<p class=\"MsoNormal\" style=\"margin: 0cm 0cm 6pt\"><u><span style=\"font-size: 10pt; font-family: &quot;Arial&quot;,&quot;sans-serif&quot;; line-height: 114%\">Die Kreismeister im \u00dcberblick:<o:p><\/o:p><\/span><\/u><\/p>\n<p class=\"MsoNormal\" style=\"margin: 0cm 0cm 0pt\"><b style=\"mso-bidi-font-weight: normal\"><span style=\"font-size: 9pt; font-family: &quot;Arial&quot;,&quot;sans-serif&quot;; line-height: 114%\">Jugend M15<o:p><\/o:p><\/span><\/b><\/p>\n<p class=\"MsoNormal\" style=\"margin: 0cm 0cm 12pt\"><span style=\"font-size: 8pt; font-family: &quot;Arial&quot;,&quot;sans-serif&quot;; line-height: 114%\">Adrian Hanse<span style=\"mso-tab-count: 1\">&nbsp;&nbsp;&nbsp;&nbsp;&nbsp;&nbsp;&nbsp; <\/span><span style=\"mso-spacerun: yes\">&nbsp;&nbsp; <\/span>LAZ Celle<span style=\"mso-tab-count: 1\">&nbsp;&nbsp;&nbsp;&nbsp;&nbsp;&nbsp;&nbsp;&nbsp;&nbsp;&nbsp;&nbsp; <\/span>3 Titel<span style=\"mso-tab-count: 1\">&nbsp;&nbsp;&nbsp; <\/span>Hochsprung, Weitsprung, Kugelsto\u00df<o:p><\/o:p><\/span><\/p>\n<p class=\"MsoNormal\" style=\"margin: 0cm 0cm 0pt\"><b style=\"mso-bidi-font-weight: normal\"><span style=\"font-size: 9pt; font-family: &quot;Arial&quot;,&quot;sans-serif&quot;; line-height: 114%\">Jugend M14<o:p><\/o:p><\/span><\/b><\/p>\n<p class=\"MsoNormal\" style=\"margin: 0cm -14.15pt 12pt 0cm\"><span style=\"font-size: 8pt; font-family: &quot;Arial&quot;,&quot;sans-serif&quot;; line-height: 114%\">Christoph Meldau<span style=\"mso-tab-count: 1\"> <\/span><span style=\"mso-spacerun: yes\">&nbsp;&nbsp; <\/span>TuS Lachendorf<span style=\"mso-tab-count: 1\"> <\/span>6 Titel<span style=\"mso-tab-count: 1\">&nbsp;&nbsp;&nbsp; <\/span>100 m Sprint, 80 m H\u00fcrden, Hochsprung, Weitsprung, Kugelsto\u00df, Speerwurf<span style=\"mso-tab-count: 1\">&nbsp;&nbsp;&nbsp;&nbsp;&nbsp;&nbsp;&nbsp;&nbsp;&nbsp;&nbsp;&nbsp; <\/span><o:p><\/o:p><\/span><\/p>\n<p class=\"MsoNormal\" style=\"text-align: justify; margin: 0cm 0cm 0pt\"><b style=\"mso-bidi-font-weight: normal\"><span style=\"font-size: 9pt; font-family: &quot;Arial&quot;,&quot;sans-serif&quot;; line-height: 114%\">MJ U14<\/span><\/b><span style=\"font-size: 9pt; font-family: &quot;Arial&quot;,&quot;sans-serif&quot;; line-height: 114%\"><o:p><\/o:p><\/span><\/p>\n<p class=\"MsoNormal\" style=\"text-align: justify; margin: 0cm 0cm 0pt\"><span style=\"font-size: 8pt; font-family: &quot;Arial&quot;,&quot;sans-serif&quot;; line-height: 114%\">Samuel Malte Th\u00f6mmes, Justin Morgner, Henrik Moll, Maximilian Schiller<span style=\"mso-tab-count: 1\"> <\/span><span style=\"mso-tab-count: 1\">&nbsp;&nbsp;&nbsp;&nbsp;&nbsp;&nbsp;&nbsp;&nbsp;&nbsp;&nbsp;&nbsp;&nbsp;&nbsp;&nbsp;&nbsp; <\/span>LG UFO<span style=\"mso-tab-count: 1\">&nbsp; <\/span><span style=\"mso-tab-count: 1\">&nbsp;&nbsp;&nbsp;&nbsp;&nbsp;&nbsp;&nbsp;&nbsp;&nbsp;&nbsp;&nbsp;&nbsp;&nbsp;&nbsp;&nbsp; <\/span>Staffel 4 x 75<\/span><span style=\"font-size: 10pt; font-family: &quot;Arial&quot;,&quot;sans-serif&quot;; line-height: 114%\"> <\/span><span style=\"font-size: 8pt; font-family: &quot;Arial&quot;,&quot;sans-serif&quot;; line-height: 114%\">m<o:p><\/o:p><\/span><\/p>\n<p class=\"MsoNormal\" style=\"text-align: justify; margin: 0cm 0cm 0pt\"><span style=\"font-size: 8pt; font-family: &quot;Arial&quot;,&quot;sans-serif&quot;; line-height: 114%\"><o:p>&nbsp;<\/o:p><\/span><\/p>\n<p class=\"MsoNormal\" style=\"text-align: justify; margin: 0cm 0cm 0pt\"><b style=\"mso-bidi-font-weight: normal\"><span style=\"font-size: 9pt; font-family: &quot;Arial&quot;,&quot;sans-serif&quot;; line-height: 114%\">Jugend M13<o:p><\/o:p><\/span><\/b><\/p>\n<p class=\"MsoNormal\" style=\"text-align: justify; margin: 0cm 0cm 0pt\"><span style=\"font-size: 8pt; font-family: &quot;Arial&quot;,&quot;sans-serif&quot;; line-height: 114%\">Marvin Rullmann<span style=\"mso-tab-count: 1\">&nbsp; <\/span><span style=\"mso-spacerun: yes\">&nbsp;&nbsp; <\/span>LG Celle-Land<span style=\"mso-tab-count: 1\">&nbsp;&nbsp;&nbsp; <\/span>4 Titel<span style=\"mso-tab-count: 1\">&nbsp;&nbsp;&nbsp;&nbsp; <\/span>75 m Sprint, 60 m H\u00fcrden, Weitsprung, Kugelsto\u00df<o:p><\/o:p><\/span><\/p>\n<p class=\"MsoNormal\" style=\"text-align: justify; margin: 0cm 0cm 0pt\"><span style=\"font-size: 8pt; font-family: &quot;Arial&quot;,&quot;sans-serif&quot;; line-height: 114%\"><o:p>&nbsp;<\/o:p><\/span><\/p>\n<p class=\"MsoNormal\" style=\"text-align: justify; margin: 0cm 0cm 0pt\"><b style=\"mso-bidi-font-weight: normal\"><span style=\"font-size: 9pt; font-family: &quot;Arial&quot;,&quot;sans-serif&quot;; line-height: 114%\">Jugend M12<o:p><\/o:p><\/span><\/b><\/p>\n<p class=\"MsoNormal\" style=\"text-align: justify; margin: 0cm 0cm 0pt\"><span style=\"font-size: 8pt; font-family: &quot;Arial&quot;,&quot;sans-serif&quot;; line-height: 114%\">Julius Gottschalk<span style=\"mso-tab-count: 1\">&nbsp; <\/span><span style=\"mso-spacerun: yes\">&nbsp;&nbsp; <\/span>LAZ Celle<span style=\"mso-tab-count: 1\">&nbsp;&nbsp;&nbsp;&nbsp;&nbsp;&nbsp;&nbsp;&nbsp;&nbsp;&nbsp;&nbsp; <\/span>2 Titel<span style=\"mso-tab-count: 1\">&nbsp;&nbsp;&nbsp;&nbsp; <\/span>75 m Sprint, Weitsprung<o:p><\/o:p><\/span><\/p>\n<p class=\"MsoNormal\" style=\"text-align: justify; margin: 0cm 0cm 0pt\"><span style=\"font-size: 8pt; font-family: &quot;Arial&quot;,&quot;sans-serif&quot;; line-height: 114%\">Colin Baritz<span style=\"mso-tab-count: 1\">&nbsp;&nbsp;&nbsp;&nbsp;&nbsp;&nbsp;&nbsp;&nbsp;&nbsp;&nbsp;&nbsp; <\/span><span style=\"mso-spacerun: yes\">&nbsp;&nbsp; <\/span>SV Nienhagen<span style=\"mso-tab-count: 1\">&nbsp;&nbsp;&nbsp; <\/span>1 Titel<span style=\"mso-tab-count: 1\">&nbsp;&nbsp;&nbsp;&nbsp; <\/span>60 m H\u00fcrden<o:p><\/o:p><\/span><\/p>\n<p class=\"MsoNormal\" style=\"text-align: justify; margin: 0cm 0cm 0pt\"><span style=\"font-size: 8pt; font-family: &quot;Arial&quot;,&quot;sans-serif&quot;; line-height: 114%\">Maxi Schiller<span style=\"mso-tab-count: 1\">&nbsp;&nbsp;&nbsp;&nbsp;&nbsp;&nbsp;&nbsp;&nbsp; <\/span><span style=\"mso-spacerun: yes\">&nbsp;&nbsp; <\/span>LG UFO<span style=\"mso-tab-count: 1\">&nbsp;&nbsp;&nbsp;&nbsp;&nbsp;&nbsp;&nbsp;&nbsp;&nbsp;&nbsp;&nbsp;&nbsp;&nbsp; <\/span>1 Titel<span style=\"mso-tab-count: 1\">&nbsp;&nbsp;&nbsp;&nbsp; <\/span>Kugelsto\u00dfen<o:p><\/o:p><\/span><\/p>\n<p class=\"MsoNormal\" style=\"text-align: justify; margin: 0cm 0cm 0pt\"><span style=\"font-size: 8pt; font-family: &quot;Arial&quot;,&quot;sans-serif&quot;; line-height: 114%\"><o:p>&nbsp;<\/o:p><\/span><\/p>\n<p class=\"MsoNormal\" style=\"text-align: justify; margin: 0cm 0cm 0pt\"><span style=\"font-size: 8pt; font-family: &quot;Arial&quot;,&quot;sans-serif&quot;; line-height: 114%\"><o:p>&nbsp;<\/o:p><\/span><\/p>\n<p class=\"MsoNormal\" style=\"text-align: justify; margin: 0cm 0cm 0pt\"><b style=\"mso-bidi-font-weight: normal\"><span style=\"font-size: 9pt; font-family: &quot;Arial&quot;,&quot;sans-serif&quot;; line-height: 114%\">WJ U16<span style=\"mso-tab-count: 1\"> <\/span><o:p><\/o:p><\/span><\/b><\/p>\n<p class=\"MsoNormal\" style=\"text-align: justify; margin: 0cm 0cm 0pt\"><span style=\"font-size: 8pt; font-family: &quot;Arial&quot;,&quot;sans-serif&quot;; line-height: 114%\">Albiona Berisha, Chiara Sch\u00f6nfelder, Johanna Reisch, Nanda Woehlert<span style=\"mso-tab-count: 1\">&nbsp;&nbsp; <\/span><span style=\"mso-tab-count: 1\">&nbsp;&nbsp;&nbsp;&nbsp;&nbsp;&nbsp;&nbsp;&nbsp;&nbsp;&nbsp;&nbsp;&nbsp;&nbsp;&nbsp;&nbsp; <\/span>LAZ Celle<span style=\"mso-tab-count: 2\">&nbsp;&nbsp;&nbsp;&nbsp;&nbsp;&nbsp;&nbsp;&nbsp;&nbsp;&nbsp;&nbsp;&nbsp;&nbsp;&nbsp;&nbsp;&nbsp;&nbsp;&nbsp;&nbsp;&nbsp;&nbsp;&nbsp;&nbsp;&nbsp;&nbsp;&nbsp;&nbsp;&nbsp;&nbsp;&nbsp; <\/span>Staffel 4 x 100 m<o:p><\/o:p><\/span><\/p>\n<p class=\"MsoNormal\" style=\"text-align: justify; margin: 0cm 0cm 0pt\"><span style=\"font-size: 8pt; font-family: &quot;Arial&quot;,&quot;sans-serif&quot;; line-height: 114%\"><o:p>&nbsp;<\/o:p><\/span><\/p>\n<p class=\"MsoNormal\" style=\"text-align: justify; margin: 0cm 0cm 0pt\"><b style=\"mso-bidi-font-weight: normal\"><span style=\"font-size: 9pt; font-family: &quot;Arial&quot;,&quot;sans-serif&quot;; line-height: 114%\">Jugend W15<o:p><\/o:p><\/span><\/b><\/p>\n<p class=\"MsoNormal\" style=\"text-align: justify; margin: 0cm 0cm 0pt\"><span style=\"font-size: 8pt; font-family: &quot;Arial&quot;,&quot;sans-serif&quot;; line-height: 114%\">Chiara Sch\u00f6nfelder<span style=\"mso-tab-count: 1\">&nbsp;&nbsp;&nbsp;&nbsp;&nbsp;&nbsp;&nbsp;&nbsp;&nbsp;&nbsp;&nbsp;&nbsp;&nbsp; <\/span><span style=\"mso-spacerun: yes\">&nbsp;&nbsp;&nbsp; <\/span>LAZ Celle<span style=\"mso-tab-count: 1\">&nbsp;&nbsp;&nbsp;&nbsp;&nbsp;&nbsp;&nbsp;&nbsp;&nbsp;&nbsp; <\/span>2 Titel<span style=\"mso-tab-count: 1\">&nbsp;&nbsp;&nbsp;&nbsp; <\/span>100 m Sprint, Weitsprung<o:p><\/o:p><\/span><\/p>\n<p class=\"MsoNormal\" style=\"text-align: justify; margin: 0cm 0cm 0pt\"><span style=\"font-size: 8pt; font-family: &quot;Arial&quot;,&quot;sans-serif&quot;; line-height: 114%\">Johanna Reisch<span style=\"mso-tab-count: 1\">&nbsp;&nbsp; <\/span><span style=\"mso-spacerun: yes\">&nbsp;&nbsp;&nbsp; <\/span>LAZ Celle<span style=\"mso-tab-count: 1\">&nbsp;&nbsp;&nbsp;&nbsp;&nbsp;&nbsp;&nbsp;&nbsp;&nbsp;&nbsp; <\/span>1 Titel<span style=\"mso-tab-count: 1\">&nbsp;&nbsp;&nbsp;&nbsp; <\/span>Hochsprung<o:p><\/o:p><\/span><\/p>\n<p class=\"MsoNormal\" style=\"text-align: justify; margin: 0cm 0cm 0pt\"><span style=\"font-size: 8pt; font-family: &quot;Arial&quot;,&quot;sans-serif&quot;; line-height: 114%\">Albiona Berisha<span style=\"mso-tab-count: 1\">&nbsp;&nbsp;&nbsp; <\/span><span style=\"mso-spacerun: yes\">&nbsp;&nbsp;&nbsp; <\/span>LAZ Celle<span style=\"mso-tab-count: 1\">&nbsp;&nbsp;&nbsp;&nbsp;&nbsp;&nbsp;&nbsp;&nbsp;&nbsp;&nbsp; <\/span>2 Titel<span style=\"mso-tab-count: 1\">&nbsp;&nbsp;&nbsp;&nbsp; <\/span>Kugelsto\u00df, Speerwurf<o:p><\/o:p><\/span><\/p>\n<p class=\"MsoNormal\" style=\"text-align: justify; margin: 0cm 0cm 0pt\"><span style=\"font-size: 8pt; font-family: &quot;Arial&quot;,&quot;sans-serif&quot;; line-height: 114%\">Nala Olshausen <span style=\"mso-tab-count: 1\">&nbsp;&nbsp; <\/span><span style=\"mso-spacerun: yes\">&nbsp;&nbsp;&nbsp; <\/span>LAZ Celle<span style=\"mso-tab-count: 1\">&nbsp;&nbsp;&nbsp;&nbsp;&nbsp;&nbsp;&nbsp;&nbsp;&nbsp;&nbsp; <\/span>1 Titel<span style=\"mso-tab-count: 1\">&nbsp;&nbsp;&nbsp;&nbsp; <\/span>Hochsprung<o:p><\/o:p><\/span><\/p>\n<p class=\"MsoNormal\" style=\"text-align: justify; margin: 0cm 0cm 0pt\"><span style=\"font-size: 8pt; font-family: &quot;Arial&quot;,&quot;sans-serif&quot;; line-height: 114%\">Finja Knafla<span style=\"mso-tab-count: 1\">&nbsp;&nbsp;&nbsp;&nbsp;&nbsp;&nbsp;&nbsp;&nbsp;&nbsp;&nbsp; <\/span><span style=\"mso-spacerun: yes\">&nbsp;&nbsp;&nbsp; <\/span>LAZ Celle<span style=\"mso-tab-count: 1\">&nbsp;&nbsp;&nbsp;&nbsp;&nbsp;&nbsp;&nbsp;&nbsp;&nbsp;&nbsp; <\/span>1 Titel<span style=\"mso-tab-count: 1\">&nbsp;&nbsp;&nbsp;&nbsp; <\/span>Weitsprung<o:p><\/o:p><\/span><\/p>\n<p class=\"MsoNormal\" style=\"text-align: justify; margin: 0cm 0cm 0pt\"><span style=\"font-size: 8pt; font-family: &quot;Arial&quot;,&quot;sans-serif&quot;; line-height: 114%\">Louisa St\u00f6ckmann<span style=\"mso-tab-count: 1\">&nbsp;&nbsp;&nbsp;&nbsp;&nbsp;&nbsp;&nbsp;&nbsp;&nbsp;&nbsp;&nbsp;&nbsp;&nbsp;&nbsp; <\/span><span style=\"mso-spacerun: yes\">&nbsp;&nbsp;&nbsp; <\/span>LG UFO<span style=\"mso-tab-count: 1\">&nbsp;&nbsp;&nbsp;&nbsp;&nbsp;&nbsp;&nbsp;&nbsp;&nbsp;&nbsp;&nbsp;&nbsp; <\/span>1 Titel<span style=\"mso-tab-count: 1\">&nbsp;&nbsp;&nbsp;&nbsp; <\/span>300 m<o:p><\/o:p><\/span><\/p>\n<p class=\"MsoNormal\" style=\"text-align: justify; margin: 0cm 0cm 0pt\"><span style=\"font-size: 8pt; font-family: &quot;Arial&quot;,&quot;sans-serif&quot;; line-height: 114%\"><o:p>&nbsp;<\/o:p><\/span><\/p>\n<p class=\"MsoNormal\" style=\"text-align: justify; margin: 0cm 0cm 0pt\"><b style=\"mso-bidi-font-weight: normal\"><span style=\"font-size: 9pt; font-family: &quot;Arial&quot;,&quot;sans-serif&quot;; line-height: 114%\">WJ U14<span style=\"mso-tab-count: 1\"> <\/span><o:p><\/o:p><\/span><\/b><\/p>\n<p class=\"MsoNormal\" style=\"text-align: justify; margin: 0cm 0cm 0pt\"><span style=\"font-size: 8pt; font-family: &quot;Arial&quot;,&quot;sans-serif&quot;; line-height: 114%\">Lotte Haubert, Pauline Hoppenstedt, Finja Meyer, Marika Meldau<\/span><b style=\"mso-bidi-font-weight: normal\"><span style=\"font-size: 9pt; font-family: &quot;Arial&quot;,&quot;sans-serif&quot;; line-height: 114%\"><span style=\"mso-tab-count: 1\"> <\/span><span style=\"mso-tab-count: 2\">&nbsp;&nbsp;&nbsp;&nbsp;&nbsp;&nbsp;&nbsp;&nbsp;&nbsp;&nbsp;&nbsp;&nbsp;&nbsp;&nbsp;&nbsp;&nbsp;&nbsp;&nbsp;&nbsp;&nbsp;&nbsp;&nbsp;&nbsp;&nbsp;&nbsp;&nbsp;&nbsp;&nbsp;&nbsp;&nbsp; <\/span><\/span><\/b><span style=\"font-size: 8pt; font-family: &quot;Arial&quot;,&quot;sans-serif&quot;; line-height: 114%\">TuS Lachendorf<span style=\"mso-tab-count: 1\">&nbsp;&nbsp;&nbsp; <\/span>Staffel 4 x 75 m<o:p><\/o:p><\/span><\/p>\n<p class=\"MsoNormal\" style=\"text-align: justify; margin: 0cm 0cm 0pt\"><span style=\"font-size: 8pt; font-family: &quot;Arial&quot;,&quot;sans-serif&quot;; line-height: 114%\"><o:p>&nbsp;<\/o:p><\/span><\/p>\n<p class=\"MsoNormal\" style=\"text-align: justify; margin: 0cm 0cm 0pt\"><b style=\"mso-bidi-font-weight: normal\"><span style=\"font-size: 9pt; font-family: &quot;Arial&quot;,&quot;sans-serif&quot;; line-height: 114%\">Jugend W13<o:p><\/o:p><\/span><\/b><\/p>\n<p class=\"MsoNormal\" style=\"text-align: justify; margin: 0cm 0cm 0pt\"><span style=\"font-size: 8pt; font-family: &quot;Arial&quot;,&quot;sans-serif&quot;; line-height: 114%\">Finja Meyer<span style=\"mso-tab-count: 1\">&nbsp;&nbsp;&nbsp;&nbsp;&nbsp;&nbsp;&nbsp;&nbsp;&nbsp;&nbsp; <\/span><span style=\"mso-spacerun: yes\">&nbsp;&nbsp; <\/span>TuS Lachendorf<span style=\"mso-spacerun: yes\">&nbsp; <\/span><span style=\"mso-spacerun: yes\">&nbsp;<\/span>4 Titel<span style=\"mso-tab-count: 1\">&nbsp;&nbsp; <\/span>75 m Sprint, 60 m H\u00fcrden, Weitsprung, Kugelsto\u00df<o:p><\/o:p><\/span><\/p>\n<p class=\"MsoNormal\" style=\"text-align: justify; margin: 0cm 0cm 0pt\"><span style=\"font-size: 8pt; font-family: &quot;Arial&quot;,&quot;sans-serif&quot;; line-height: 114%\"><o:p>&nbsp;<\/o:p><\/span><\/p>\n<p class=\"MsoNormal\" style=\"text-align: justify; margin: 0cm 0cm 0pt\"><b style=\"mso-bidi-font-weight: normal\"><span style=\"font-size: 9pt; font-family: &quot;Arial&quot;,&quot;sans-serif&quot;; line-height: 114%\">Jugend W12<o:p><\/o:p><\/span><\/b><\/p>\n<p class=\"MsoNormal\" style=\"text-align: justify; margin: 0cm 0cm 0pt\"><span style=\"font-size: 8pt; font-family: &quot;Arial&quot;,&quot;sans-serif&quot;; line-height: 114%\">Marie Dehning<span style=\"mso-tab-count: 1\">&nbsp;&nbsp;&nbsp;&nbsp;&nbsp; <\/span><span style=\"mso-spacerun: yes\">&nbsp;&nbsp; <\/span>LG-Celle-Land<span style=\"mso-tab-count: 1\">&nbsp;&nbsp; <\/span><span style=\"mso-spacerun: yes\">&nbsp; <\/span>3 Titel<span style=\"mso-spacerun: yes\">&nbsp; <\/span><span style=\"mso-tab-count: 1\"><\/span>60 m H\u00fcrden, Weitsprung, Kugelsto\u00df<\/span><\/p>\n<p class=\"MsoNormal\" style=\"text-align: justify; margin: 0cm 0cm 0pt\"><span style=\"font-size: 8pt; font-family: &quot;Arial&quot;,&quot;sans-serif&quot;; line-height: 114%\"><span style=\"font-size: 8pt; font-family: &quot;Arial&quot;,&quot;sans-serif&quot;; line-height: 114%; mso-fareast-font-family: &quot;Times New Roman&quot;; mso-font-kerning: 14.0pt; mso-ansi-language: de; mso-fareast-language: de; mso-bidi-language: ar-sa\">Marika Meldau<span style=\"mso-tab-count: 1\">&nbsp;&nbsp;&nbsp;&nbsp;&nbsp;&nbsp; <\/span><span style=\"mso-spacerun: yes\">&nbsp;&nbsp; <\/span>TuS Lachendorf<span style=\"mso-tab-count: 1\"> <\/span><span style=\"mso-spacerun: yes\">&nbsp; <\/span>1 Titel<span style=\"mso-tab-count: 1\">&nbsp;&nbsp; <\/span>75 m Sprint<span style=\"mso-spacerun: yes\">&nbsp; <\/span><\/span><\/span><\/p>\n<p class=\"MsoNormal\" style=\"text-align: justify; margin: 0cm 0cm 0pt\"><span style=\"font-size: 8pt; font-family: &quot;Arial&quot;,&quot;sans-serif&quot;; line-height: 114%\"><span style=\"font-size: 8pt; font-family: &quot;Arial&quot;,&quot;sans-serif&quot;; line-height: 114%; mso-fareast-font-family: &quot;Times New Roman&quot;; mso-font-kerning: 14.0pt; mso-ansi-language: de; mso-fareast-language: de; mso-bidi-language: ar-sa\"><span style=\"mso-spacerun: yes\"><\/span><\/span><\/span>&nbsp;<\/p>\n<p class=\"MsoNormal\" style=\"text-align: justify; margin: 0cm 0cm 0pt\"><a href=\"https:\/\/www.klvcelle.de\/wp-content\/uploads\/2015\/06\/image7.png\"><img loading=\"lazy\" decoding=\"async\" title=\"Stimmungsbild in Nienhagen\" style=\"border-top: 0px; border-right: 0px; background-image: none; border-bottom: 0px; float: left; padding-top: 0px; padding-left: 0px; border-left: 0px; display: inline; padding-right: 0px\" border=\"0\" alt=\"Stimmungsbild in Nienhagen\" src=\"https:\/\/www.klvcelle.de\/wp-content\/uploads\/2015\/06\/image_thumb7.png\" width=\"244\" align=\"left\" height=\"172\"\/><\/a><a href=\"https:\/\/www.klvcelle.de\/wp-content\/uploads\/2015\/06\/image8.png\"><img loading=\"lazy\" decoding=\"async\" title=\"Marvin Rullmann und Marie Dehning\" style=\"border-top: 0px; border-right: 0px; background-image: none; border-bottom: 0px; float: right; padding-top: 0px; padding-left: 0px; border-left: 0px; display: inline; padding-right: 0px\" border=\"0\" alt=\"Marvin Rullmann und Marie Dehning\" src=\"https:\/\/www.klvcelle.de\/wp-content\/uploads\/2015\/06\/image_thumb8.png\" width=\"154\" align=\"right\" height=\"204\"\/><\/a><\/p>\n","protected":false},"excerpt":{"rendered":"<p>Marvin Rullmann holt vier Bezirksmeistertitel Insgesamt 25 Podestpl\u00e4tze f\u00fcr Celler Athleten in Nienhagen Das war Werbung f\u00fcr den Leichtathletiksport in unserer Region. Am vergangenen Sonntag ermittelten insgesamt 242 junge Athletinnen und Athleten in den Altersklassen U16 und U14 ihre Bezirksmeister, &hellip; <a href=\"https:\/\/www.klvcelle.de\/?p=1807\">Continue reading <span class=\"meta-nav\">&rarr;<\/span><\/a><\/p>\n","protected":false},"author":1,"featured_media":0,"comment_status":"closed","ping_status":"closed","sticky":false,"template":"","format":"standard","meta":{"ngg_post_thumbnail":0,"footnotes":""},"categories":[8,7],"tags":[],"class_list":["post-1807","post","type-post","status-publish","format-standard","hentry","category-bezirksmeisterschaften","category-kreismeisterschaften"],"_links":{"self":[{"href":"https:\/\/www.klvcelle.de\/index.php?rest_route=\/wp\/v2\/posts\/1807","targetHints":{"allow":["GET"]}}],"collection":[{"href":"https:\/\/www.klvcelle.de\/index.php?rest_route=\/wp\/v2\/posts"}],"about":[{"href":"https:\/\/www.klvcelle.de\/index.php?rest_route=\/wp\/v2\/types\/post"}],"author":[{"embeddable":true,"href":"https:\/\/www.klvcelle.de\/index.php?rest_route=\/wp\/v2\/users\/1"}],"replies":[{"embeddable":true,"href":"https:\/\/www.klvcelle.de\/index.php?rest_route=%2Fwp%2Fv2%2Fcomments&post=1807"}],"version-history":[{"count":1,"href":"https:\/\/www.klvcelle.de\/index.php?rest_route=\/wp\/v2\/posts\/1807\/revisions"}],"predecessor-version":[{"id":1808,"href":"https:\/\/www.klvcelle.de\/index.php?rest_route=\/wp\/v2\/posts\/1807\/revisions\/1808"}],"wp:attachment":[{"href":"https:\/\/www.klvcelle.de\/index.php?rest_route=%2Fwp%2Fv2%2Fmedia&parent=1807"}],"wp:term":[{"taxonomy":"category","embeddable":true,"href":"https:\/\/www.klvcelle.de\/index.php?rest_route=%2Fwp%2Fv2%2Fcategories&post=1807"},{"taxonomy":"post_tag","embeddable":true,"href":"https:\/\/www.klvcelle.de\/index.php?rest_route=%2Fwp%2Fv2%2Ftags&post=1807"}],"curies":[{"name":"wp","href":"https:\/\/api.w.org\/{rel}","templated":true}]}}